{"id":2923,"date":"2015-03-28T06:00:00","date_gmt":"2015-03-28T06:00:00","guid":{"rendered":"http:\/\/plazajuarez.mx\/index\/index.php\/2015\/03\/28\/convoca-alcalde-a-tulancinguenses-a-involucrarse-en-las-decisiones-de-la-ciudad\/"},"modified":"2015-03-28T06:00:00","modified_gmt":"2015-03-28T06:00:00","slug":"convoca-alcalde-a-tulancinguenses-a-involucrarse-en-las-decisiones-de-la-ciudad","status":"publish","type":"post","link":"https:\/\/plazajuarez.mx\/historico\/convoca-alcalde-a-tulancinguenses-a-involucrarse-en-las-decisiones-de-la-ciudad\/","title":{"rendered":"Convoca Alcalde a tulancinguenses a involucrarse en las decisiones de la ciudad"},"content":{"rendered":"<p><span style=\"font-family: verdana,geneva; font-size: 10pt;\"><strong>Tulancingo <\/strong><\/span><\/p>\n<p><span style=\"font-family: verdana,geneva; font-size: 10pt;\">Importantes anuncios y la convocatoria a tulancinguenses a involucrarse en las decisiones de ciudad, enmarcaron el mensaje del mandatario Julio Soto en la apertura de capacitaci\u00f3n a Comit\u00e9s de Contralor\u00edas Sociales de los programas FAISM, FOPEDARIE y Contingencias Econ\u00f3micas.<\/span><\/p>\n<p>  <!--more-->  <\/p>\n<p>\u00a0<\/p>\n<p><span style=\"font-family: verdana,geneva; font-size: 10pt;\">\u00a0<\/span><\/p>\n<p><span style=\"font-family: verdana,geneva; font-size: 10pt;\">Julio Soto se dijo complacido de que el municipio de Tulancingo tenga calificaci\u00f3n de 95 en transparencia gubernamental; \u201cesto es resultado del esfuerzo entre sociedad y gobierno\u201d.<\/span><\/p>\n<p><span style=\"font-family: verdana,geneva; font-size: 10pt;\">\u00a0<\/span><\/p>\n<p><span style=\"font-family: verdana,geneva; font-size: 10pt;\">El ejemplo m\u00e1s claro que tenemos de este esfuerzo, refiri\u00f3 el Alcalde, es el haber reconocido a un Comit\u00e9 de la Contralor\u00eda Social de una obra representativa que tuvo el estado de Hidalgo y que concurso a nivel nacional.<\/span><\/p>\n<p><span style=\"font-family: verdana,geneva; font-size: 10pt;\">\u00a0<\/span><\/p>\n<p><span style=\"font-family: verdana,geneva; font-size: 10pt;\">El mandatario municipal reconoci\u00f3 al Comit\u00e9 de la Secundaria General n\u00famero 1 \u201cBenito Ju\u00e1rez\u201d, que encabeza la licenciada Leticia Torres, ganadora del premio de Contralor\u00eda Social.<\/span><\/p>\n<p><span style=\"font-family: verdana,geneva; font-size: 10pt;\">\u00a0<\/span><\/p>\n<p><span style=\"font-family: verdana,geneva; font-size: 10pt;\">En el caso de quienes integran los Comit\u00e9s de Contralor\u00eda Social, su labor no es sencilla, ya que su misi\u00f3n es cuestionar la obra p\u00fablica, verificando que se haga con los mejores materiales y con las especificaciones t\u00e9cnicas que dice el proyecto; es decir que no se deje lugar a dudas que los trabajos son de calidad.<\/span><\/p>\n<p><span style=\"font-family: verdana,geneva; font-size: 10pt;\">\u00a0<\/span><\/p>\n<p><span style=\"font-family: verdana,geneva; font-size: 10pt;\">Se revel\u00f3 que actualmente la calle Belisario Dom\u00ednguez (importante a la conectividad de nueva Morelos con Vicente Guerrero e inversi\u00f3n cercana a dos millones de pesos) presenta deficiencias estructurales y gracias a la labor de Comit\u00e9s es como se aplicar\u00e1 la fianza de garant\u00eda, debiendo reponerse por parte de la constructora responsable, cerca de 30 lozas.<\/span><\/p>\n<p><span style=\"font-family: verdana,geneva; font-size: 10pt;\">\u00a0<\/span><\/p>\n<p><span style=\"font-family: verdana,geneva; font-size: 10pt;\">Soto M\u00e1rquez ratific\u00f3 que este gobierno (de la mano con los \u00f3rdenes Federal y Estatal) le apuesta a obras de calidad en todos los fondos.<\/span><\/p>\n<p><span style=\"font-family: verdana,geneva; font-size: 10pt;\">\u00a0<\/span><\/p>\n<p><span style=\"font-family: verdana,geneva; font-size: 10pt;\">Asegur\u00f3 que no hay compromisos con ning\u00fan constructor; sin duda, ellos tienen el derecho de participaci\u00f3n en las licitaciones, tienen la adjudicaci\u00f3n, pero tambi\u00e9n la obligaci\u00f3n de cumplir con las especificaciones del proyecto cuando son elegidos como ganadores.<\/span><\/p>\n<p><span style=\"font-family: verdana,geneva; font-size: 10pt;\">\u00a0<\/span><\/p>\n<p><span style=\"font-family: verdana,geneva; font-size: 10pt;\">En este importante evento tambi\u00e9n se cont\u00f3 con la presencia de Mireya Gonz\u00e1lez Corona, consejera del Instituto de acceso a la informaci\u00f3n p\u00fablica Gubernamental del Estado de Hidalgo (IAIPGH) y Jos\u00e9 Luis Rodr\u00edguez Tello, subdirector de Contralor\u00eda Social Regidores Municipales.<\/span><\/p>\n<p><span style=\"font-family: verdana,geneva; font-size: 10pt;\">\u00a0<\/span><\/p>\n<p><span style=\"font-family: verdana,geneva; font-size: 10pt;\">De igual manera los Secretarios de Desarrollo Urbano; Obras P\u00fablicas y Medio Ambiente as\u00ed como de Desarrollo Humano y Social, adem\u00e1s del contralor municipal, Daniel M\u00e1rquez, as\u00ed como regidores municipales.<\/span><\/p>\n<p><span style=\"font-family: verdana,geneva; font-size: 10pt;\">\u00a0<\/span><\/p>\n<p><span style=\"font-family: verdana,geneva; font-size: 10pt;\">La capacitaci\u00f3n se imparti\u00f3 a alrededor de 25 Contralor\u00edas Sociales que tienen vinculaci\u00f3n a obras que se ejecutan en el municipio.<\/span><\/p>\n<p><span style=\"font-family: verdana,geneva; font-size: 10pt;\">\u00a0<\/span><\/p>\n<p><span style=\"font-family: verdana,geneva; font-size: 10pt;\">Los Comit\u00e9s que se capacitaron corresponden a zonas como: Santa Ana Hueytlalpan; Santa Mar\u00eda Asunci\u00f3n as\u00ed como de algunas escuelas del casco urbano del municipio donde se ejecutan obras de infraestructura educativa.<\/span><\/p>\n","protected":false},"excerpt":{"rendered":"<p>Tulancingo Importantes anuncios y la convocatoria a tulancinguenses a involucrarse en las decisiones de ciudad, enmarcaron el mensaje del mandatario Julio Soto en la apertura de capacitaci\u00f3n a Comit\u00e9s de Contralor\u00edas Sociales de los programas FAISM, FOPEDARIE y Contingencias Econ\u00f3micas.<\/p>\n","protected":false},"author":93,"featured_media":0,"comment_status":"open","ping_status":"open","sticky":false,"template":"","format":"standard","meta":{"footnotes":""},"categories":[40],"tags":[],"class_list":["post-2923","post","type-post","status-publish","format-standard","hentry","category-region"],"_links":{"self":[{"href":"https:\/\/plazajuarez.mx\/historico\/wp-json\/wp\/v2\/posts\/2923","targetHints":{"allow":["GET"]}}],"collection":[{"href":"https:\/\/plazajuarez.mx\/historico\/wp-json\/wp\/v2\/posts"}],"about":[{"href":"https:\/\/plazajuarez.mx\/historico\/wp-json\/wp\/v2\/types\/post"}],"author":[{"embeddable":true,"href":"https:\/\/plazajuarez.mx\/historico\/wp-json\/wp\/v2\/users\/93"}],"replies":[{"embeddable":true,"href":"https:\/\/plazajuarez.mx\/historico\/wp-json\/wp\/v2\/comments?post=2923"}],"version-history":[{"count":0,"href":"https:\/\/plazajuarez.mx\/historico\/wp-json\/wp\/v2\/posts\/2923\/revisions"}],"wp:attachment":[{"href":"https:\/\/plazajuarez.mx\/historico\/wp-json\/wp\/v2\/media?parent=2923"}],"wp:term":[{"taxonomy":"category","embeddable":true,"href":"https:\/\/plazajuarez.mx\/historico\/wp-json\/wp\/v2\/categories?post=2923"},{"taxonomy":"post_tag","embeddable":true,"href":"https:\/\/plazajuarez.mx\/historico\/wp-json\/wp\/v2\/tags?post=2923"}],"curies":[{"name":"wp","href":"https:\/\/api.w.org\/{rel}","templated":true}]}}