{"id":292278,"date":"2023-12-16T05:00:00","date_gmt":"2023-12-16T11:00:00","guid":{"rendered":"https:\/\/plazajuarez.mx\/?p=292278"},"modified":"2023-12-16T04:22:23","modified_gmt":"2023-12-16T10:22:23","slug":"habra-cerca-de-un-millar-de-ninos-abandonados-a-su-suerte-por-los-jjoo-2024-alertan-ong","status":"publish","type":"post","link":"https:\/\/plazajuarez.mx\/historico\/habra-cerca-de-un-millar-de-ninos-abandonados-a-su-suerte-por-los-jjoo-2024-alertan-ong\/","title":{"rendered":"Habr\u00e1 cerca de un millar de ni\u00f1os abandonados a su suerte por los JJOO 2024, alertan ONG"},"content":{"rendered":"\n<p>Los casi mil ni\u00f1os que hoy viven en las calles de la regi\u00f3n parisina donde se celebrar\u00e1n la mayor\u00eda de pruebas deportivas de los juegos ol\u00edmpicos ser\u00e1n desplazados y ver\u00e1n interrumpidas sus prestaciones sociales durante Par\u00eds 2024, alertaron este viernes un colectivo de ONGs francesas.&nbsp;<\/p>\n\n\n\n<p>En una conferencia de prensa celebrada en Par\u00eds, representantes de &#8220;Le revers de la m\u00e9daille&#8221; (La otra cara de la medalla), un colectivo integrado por 75 ONG, denunciaron la inacci\u00f3n del Comit\u00e9 Organizador de Par\u00eds 2024 (COJO) y el Gobierno franc\u00e9s.<\/p>\n\n\n\n<p>La mitad de estos ni\u00f1os son menores y, junto con sus familias, dejar\u00e1n de tener acceso a alojamientos de emergencia, distribuci\u00f3n de alimentos y servicios jur\u00eddicos, detallaron.<\/p>\n\n\n\n<p>Este colectivo consigui\u00f3 reunirse con el COJO para plantearle qu\u00e9 iba a pasar durante el verano de 2024 con estos menores, las 3.500 personas sin hogar que hay en la capital francesa y las decenas de miles que contabiliza la regi\u00f3n parisina.&nbsp;<\/p>\n\n\n\n<p>La respuesta recibida fue que &#8220;nunca, nunca&#8221; se lo hab\u00edan planteado, explic\u00f3 el responsable de comunicaci\u00f3n de la ONG Utopia 56, Nikola\u00ef Posner.<\/p>\n\n\n\n<p>Y, en lo que respecta a las posibles soluciones a este problema, desde el COJO se mostraron &#8220;bastante abiertos a la idea de avanzar en estas cuestiones&#8221;, pero el Ministerio del Interior es el que &#8220;tiene la sart\u00e9n por el mango&#8221;, agreg\u00f3 Posner.<\/p>\n\n\n\n<p>Por ello, las ONG hacen un llamamiento a la &#8220;ejemplaridad a la altura de los juegos ol\u00edmpicos&#8221;, que no ser\u00e1n inclusivos hasta que se tenga en cuenta a las &#8220;personas en peligro de exclusi\u00f3n social y ya precarizadas&#8221;, como record\u00f3 la abogada Carole Painblanc.<\/p>\n\n\n\n<p>&#8220;Seis meses son ma\u00f1ana, necesitamos un plan de emergencia ya&#8221;, sentenci\u00f3 Paul Alauzy, integrante de M\u00e9dicos del Mundo.<\/p>\n\n\n\n<p>Alauzy sugiri\u00f3 que se utilicen las 18.000 viviendas vac\u00edas de las que hay constancia en Par\u00eds, pero si esa u otras medidas no llegaran a efectuarse, el colectivo est\u00e1 dispuesto, si hace falta, a montar un &#8220;campamento humanitario&#8221; para demostrar que &#8220;el Estado est\u00e1 fallando&#8221;.<\/p>\n","protected":false},"excerpt":{"rendered":"<p>Los casi mil ni\u00f1os que hoy viven en las calles de la regi\u00f3n parisina donde se celebrar\u00e1n la mayor\u00eda de pruebas deportivas de los juegos ol\u00edmpicos ser\u00e1n desplazados y ver\u00e1n interrumpidas sus prestaciones sociales durante Par\u00eds 2024, alertaron este viernes un colectivo de ONGs francesas.&nbsp; En una conferencia de prensa celebrada en Par\u00eds, representantes de [&hellip;]<\/p>\n","protected":false},"author":80,"featured_media":292279,"comment_status":"closed","ping_status":"closed","sticky":false,"template":"","format":"standard","meta":{"footnotes":""},"categories":[39],"tags":[],"class_list":["post-292278","post","type-post","status-publish","format-standard","has-post-thumbnail","hentry","category-deportiva"],"_links":{"self":[{"href":"https:\/\/plazajuarez.mx\/historico\/wp-json\/wp\/v2\/posts\/292278","targetHints":{"allow":["GET"]}}],"collection":[{"href":"https:\/\/plazajuarez.mx\/historico\/wp-json\/wp\/v2\/posts"}],"about":[{"href":"https:\/\/plazajuarez.mx\/historico\/wp-json\/wp\/v2\/types\/post"}],"author":[{"embeddable":true,"href":"https:\/\/plazajuarez.mx\/historico\/wp-json\/wp\/v2\/users\/80"}],"replies":[{"embeddable":true,"href":"https:\/\/plazajuarez.mx\/historico\/wp-json\/wp\/v2\/comments?post=292278"}],"version-history":[{"count":0,"href":"https:\/\/plazajuarez.mx\/historico\/wp-json\/wp\/v2\/posts\/292278\/revisions"}],"wp:featuredmedia":[{"embeddable":true,"href":"https:\/\/plazajuarez.mx\/historico\/wp-json\/wp\/v2\/media\/292279"}],"wp:attachment":[{"href":"https:\/\/plazajuarez.mx\/historico\/wp-json\/wp\/v2\/media?parent=292278"}],"wp:term":[{"taxonomy":"category","embeddable":true,"href":"https:\/\/plazajuarez.mx\/historico\/wp-json\/wp\/v2\/categories?post=292278"},{"taxonomy":"post_tag","embeddable":true,"href":"https:\/\/plazajuarez.mx\/historico\/wp-json\/wp\/v2\/tags?post=292278"}],"curies":[{"name":"wp","href":"https:\/\/api.w.org\/{rel}","templated":true}]}}