{"id":292274,"date":"2023-12-16T05:00:00","date_gmt":"2023-12-16T11:00:00","guid":{"rendered":"https:\/\/plazajuarez.mx\/?p=292274"},"modified":"2023-12-16T04:19:20","modified_gmt":"2023-12-16T10:19:20","slug":"la-fiesta-final-del-125-aniversario-contra-griezmann","status":"publish","type":"post","link":"https:\/\/plazajuarez.mx\/historico\/la-fiesta-final-del-125-aniversario-contra-griezmann\/","title":{"rendered":"La fiesta final del 125 aniversario contra Griezmann"},"content":{"rendered":"\n<p>Tan s\u00f3lo una victoria suma el Atl\u00e9tico de Madrid en sus \u00faltimas cinco visitas al estadio de San Mam\u00e9s, donde el Athletic Club se hace a\u00fan m\u00e1s fuerte, invicto en los \u00faltimos siete duelos ante su p\u00fablico, ganador de los dos m\u00e1s recientes, con el cierre de los actos de su 125 aniversario y desafiado por Antoine Griezmann, crucial para su equipo, todav\u00eda m\u00e1s a\u00fan en ese escenario.<\/p>\n\n\n\n<p>A dos goles ya s\u00f3lo de la marca hist\u00f3rica de 173 tantos de Luis Aragon\u00e9s con el Atl\u00e9tico, convertido en el jugador total, tambi\u00e9n en un l\u00edder, suya fue la diana con la que se impuso por 0-1 en su precedente m\u00e1s reciente en ese campo, el 15 de octubre de 2022, para romper con una secuencia de cuatro tropiezos, con tres derrotas.<\/p>\n\n\n\n<p>Es el \u00fanico triunfo en el \u00faltimo lustro del Atl\u00e9tico de Diego Simeone en San Mam\u00e9s, donde el internacional franc\u00e9s suele tomar una dimensi\u00f3n decisiva: cinco goles y dos asistencias en sus siete visitas al estadio bilba\u00edno con su actual equipo. Cuando \u00e9l no marc\u00f3 o asisti\u00f3 en sus partidos all\u00ed, su conjunto perdi\u00f3 contra el Athletic. Sus dos \u00faltimos goles ante ese rival, uno en el Metropolitano, otro en San Mam\u00e9s, fueron sendos triunfos por 1-0.<\/p>\n\n\n\n<p>Es un visitante temible para el Athletic, que cierra los actos de su 125 aniversario, con una estatua a Iribar, el saque de honor de Jon Rahm y un partido de leyendas, con un cl\u00e1sico en San Mam\u00e9s con sabor europeo y con un gui\u00f1o a su historia, con el v\u00ednculo que une a ambos clubes desde la creaci\u00f3n del Atl\u00e9tico en 1903.<\/p>\n\n\n\n<p>Hace ya 120 a\u00f1os, un grupo de estudiantes vascos afincados en Madrid y socios del Athletic Club fundaron con los mismos colores y el mismo escudo el Athletic Club de Madrid, que, con el paso de los a\u00f1os, fue adquiriendo una personalidad propia hasta asentarse como uno de los clubes m\u00e1s poderosos del f\u00fatbol espa\u00f1ol, europeo y mundial.<\/p>\n\n\n\n<p>El Athletic, quinto en la tabla, est\u00e1 en buen momento, en una racha de seis partidos sin perder con 12 puntos sumados de 18 posibles tras caer en Montjuic a \u00faltima hora con el Barcelona. Pero tambi\u00e9n tiene la decepci\u00f3n de haber dilapidado dos puntos en Granada en un choque marcado por la tragedia de la muerte de un espectador.<\/p>\n\n\n\n<p>El partido se aplaz\u00f3 y en la reanudaci\u00f3n, al d\u00eda siguiente, no solo no gole\u00f3 como pudo hacerlo en una primera parte en la que goz\u00f3 de numerosas ocasiones, sino que incluso ni aguant\u00f3 el 0-1 marcado por I\u00f1aki Williams con el que se suspendi\u00f3 el encuentro.<\/p>\n\n\n\n<p>Fue un d\u00eda especialmente desacertado de Oihan Sancet, que fall\u00f3 una ocasi\u00f3n incre\u00edble, y de I\u00f1igo Ruiz de Galarreta, que marc\u00f3 en propia puerta. El ex mallorquinista tambi\u00e9n est\u00e1 lesionado y se ha sumado a las bajas de Yeray \u00c1lvarez y Dani Garc\u00eda, conocidas, y Oscar de Marcos e Iker Muniain, estas de \u00faltima hora.<\/p>\n\n\n\n<p>As\u00ed, Ernesto Valverde tendr\u00e1 que recomponer el once titular y para ello seguro que echa mano de Yuri Berchiche y Mikel Vesga, recuperado de la lesi\u00f3n que le ha tenido de baja en los \u00faltimos partidos.&nbsp;<\/p>\n\n\n\n<p>Yuri entrar\u00e1 en el lateral izquierdo porque I\u00f1igo Lekue tiene que desplazarse al derecho por la lesi\u00f3n de De Marcos y Vesga es probable que acompa\u00f1e al joven Be\u00f1at Prados, debutante como titular en Granada por delante de Ander Herrera, que tambi\u00e9n est\u00e1 disponible y tiene sus posibilidades.<\/p>\n\n\n\n<p>Por lo dem\u00e1s, Unai Sim\u00f3n, de nuevo clave en Los C\u00e1rmenes, saldr\u00e1 bajo palos; Dani Vivian y Aitor Paredes seguir\u00e1n como pareja de centrales; y arriba se situar\u00e1 el cuarteto ofensivo que tanto est\u00e1 brillando esta temporada en el Athletic, conformado por Sancet, los hermanos Williams y Gorka Guruzeta. Ente los cuatros suman 20 goles, 13 asistencias y 2 penaltis a favor en los 16 partidos que llevan de temporada liguera.<\/p>\n\n\n\n<p>Es un reto para el Atl\u00e9tico, que, apenas 65 horas despu\u00e9s del final de su \u00faltimo encuentro, el mi\u00e9rcoles ante el Lazio, y realmente con un entrenamiento solo para preparar el duelo, este viernes, necesita reivindicarse como visitante. El mejor local de LaLiga, con un pleno de ocho triunfos, es s\u00f3lo s\u00e9ptimo fuera de casa: 10 de 21 puntos.&nbsp;<\/p>\n\n\n\n<p>Tercero en la clasificaci\u00f3n global, en la combinaci\u00f3n entre su fortaleza en el Metropolitano y sus vaivenes lejos de su afici\u00f3n (ha ganado tan solo en tres de sus \u00faltimos diez desplazamientos en el campeonato y cinco de los \u00faltimos 15 entre todas las competiciones), el partido es una prueba de fuego en su persecuci\u00f3n del liderato.<\/p>\n\n\n\n<p>Sus dos derrotas seguidas como visitante en LaLiga, del 2-1 de Las Palmas al 1-0 de Barcelona, son una alerta para el Atl\u00e9tico, que tan solo ha perdido seis de sus \u00faltimos 38 encuentros en este torneo, pero cinco de ellos coinciden fuera de su estadio.&nbsp;<\/p>\n\n\n\n<p>A\u00fan con las dos \u00fanicas bajas de Pablo Barrios y Thomas Lemar, Simeone probablemente recuperar\u00e1 casi todo su once tipo actual despu\u00e9s del triunfo por 2-0 contra el Lazio, en el que program\u00f3 la descarga de minutos de varios de sus futbolistas con el \u00e9xito indudable de la victoria.&nbsp;<\/p>\n\n\n\n<p>Koke Resurrecci\u00f3n, \u00c1lvaro Morata y Marcos Llorente retonar\u00e1n al once. El capit\u00e1n, en el medio centro, al lado previsiblemente de Llorente, que tambi\u00e9n puede jugar como carrilero derecho, y Rodrigo de Paul. El goleador internacional espa\u00f1ol, junto a Griezmann en la delantera, con Memphis Depay y \u00c1ngel Correa en la suplencia.<\/p>\n\n\n\n<p>Indiscutible Jan Oblak en la porter\u00eda, a los carriles apuntan Nahuel Molina y Samuel Lino, cuyo partido contra el Lazio fue incontestable. Llorente y Rodrigo Riquelme aparecen como alternativas a los dos. La inc\u00f3gnita en el centro de la defensa est\u00e1 entre Stefan Savic o Jos\u00e9 Mar\u00eda Gim\u00e9nez. Uno de los dos jugar\u00e1 junto a Axel Witsel y Mario Hermoso en el 5-3-2.<\/p>\n","protected":false},"excerpt":{"rendered":"<p>Tan s\u00f3lo una victoria suma el Atl\u00e9tico de Madrid en sus \u00faltimas cinco visitas al estadio de San Mam\u00e9s, donde el Athletic Club se hace a\u00fan m\u00e1s fuerte, invicto en los \u00faltimos siete duelos ante su p\u00fablico, ganador de los dos m\u00e1s recientes, con el cierre de los actos de su 125 aniversario y desafiado [&hellip;]<\/p>\n","protected":false},"author":80,"featured_media":292275,"comment_status":"closed","ping_status":"closed","sticky":false,"template":"","format":"standard","meta":{"footnotes":""},"categories":[39],"tags":[],"class_list":["post-292274","post","type-post","status-publish","format-standard","has-post-thumbnail","hentry","category-deportiva"],"_links":{"self":[{"href":"https:\/\/plazajuarez.mx\/historico\/wp-json\/wp\/v2\/posts\/292274","targetHints":{"allow":["GET"]}}],"collection":[{"href":"https:\/\/plazajuarez.mx\/historico\/wp-json\/wp\/v2\/posts"}],"about":[{"href":"https:\/\/plazajuarez.mx\/historico\/wp-json\/wp\/v2\/types\/post"}],"author":[{"embeddable":true,"href":"https:\/\/plazajuarez.mx\/historico\/wp-json\/wp\/v2\/users\/80"}],"replies":[{"embeddable":true,"href":"https:\/\/plazajuarez.mx\/historico\/wp-json\/wp\/v2\/comments?post=292274"}],"version-history":[{"count":0,"href":"https:\/\/plazajuarez.mx\/historico\/wp-json\/wp\/v2\/posts\/292274\/revisions"}],"wp:featuredmedia":[{"embeddable":true,"href":"https:\/\/plazajuarez.mx\/historico\/wp-json\/wp\/v2\/media\/292275"}],"wp:attachment":[{"href":"https:\/\/plazajuarez.mx\/historico\/wp-json\/wp\/v2\/media?parent=292274"}],"wp:term":[{"taxonomy":"category","embeddable":true,"href":"https:\/\/plazajuarez.mx\/historico\/wp-json\/wp\/v2\/categories?post=292274"},{"taxonomy":"post_tag","embeddable":true,"href":"https:\/\/plazajuarez.mx\/historico\/wp-json\/wp\/v2\/tags?post=292274"}],"curies":[{"name":"wp","href":"https:\/\/api.w.org\/{rel}","templated":true}]}}