{"id":292271,"date":"2023-12-16T05:00:00","date_gmt":"2023-12-16T11:00:00","guid":{"rendered":"https:\/\/plazajuarez.mx\/?p=292271"},"modified":"2023-12-16T04:16:20","modified_gmt":"2023-12-16T10:16:20","slug":"xavi-se-esta-explicando-una-irrealidad-aun-podemos-ganar-cuatro-titulos","status":"publish","type":"post","link":"https:\/\/plazajuarez.mx\/historico\/xavi-se-esta-explicando-una-irrealidad-aun-podemos-ganar-cuatro-titulos\/","title":{"rendered":"Xavi: &#8220;Se est\u00e1 explicando una irrealidad; a\u00fan podemos ganar cuatro t\u00edtulos&#8221;"},"content":{"rendered":"\n<p>El entrenador del Barcelona, Xavi Hern\u00e1ndez, lament\u00f3 en la previa del partido ante el Valencia que &#8220;se est\u00e1 explicando una irrealidad&#8221; de lo que le pasa a su equipo, que a su entender sigue &#8220;en la carrera por ganar cuatro t\u00edtulos&#8221;.<\/p>\n\n\n\n<p>&#8220;Se repite lo mismo que la temporada pasada. En octubre, lo quer\u00edamos quemar todo&#8221;, se quej\u00f3 Xavi. &#8220;Hace cinco meses est\u00e1bamos en una r\u00faa celebrando los dos t\u00edtulos de la temporada&#8221;, record\u00f3.<\/p>\n\n\n\n<p>Por eso, el t\u00e9cnico del conjunto azulgrana no entiende que &#8220;a la primera curva se baje gente del barco&#8221; y volvi\u00f3 a apuntar al famoso entorno del club, donde incluye a la prensa que es af\u00edn al Bar\u00e7a, a la que reclam\u00f3 de nuevo m\u00e1s apoyo.<\/p>\n\n\n\n<p>Dentro de ese entorno, excluy\u00f3 a los seguidores cul\u00e9s. &#8220;La afici\u00f3n est\u00e1 de diez, cree en este equipo&#8221;, afirm\u00f3 Xavi: &#8220;Y cada partido corean mi nombre&#8221;.<\/p>\n\n\n\n<p>Tambi\u00e9n defendi\u00f3 &#8220;la uni\u00f3n&#8221; que, seg\u00fan asegur\u00f3, existe en el vestuario, en el cuerpo t\u00e9cnico y con los que mandan en el club, especialmente en la parcela deportiva.<\/p>\n\n\n\n<p>&#8220;No me siento nunca solo. Primero, tengo el &#8216;staff&#8217;, que para m\u00ed son incondicionales, leales, fieles, y estos no me fallar\u00e1n nunca. El presidente (Joan Laporta) tampoco me ha fallado nunca; todo lo que me ha dicho lo ha cumplido. Ni Rafa Yuste (vicepresidente deportivo) ni Deco (director deportivo)&#8221;, asegur\u00f3 Xavi, quien asegur\u00f3 que con este \u00faltimo tiene &#8220;una relaci\u00f3n extraordinaria&#8221;, todo lo contrario de lo que se viene diciendo.<\/p>\n\n\n\n<p>El t\u00e9cnico egarense insisti\u00f3 en que sus jugadores &#8220;son los vigentes campeones de Liga y Supercopa y merecen un respeto&#8221;, que es &#8220;momento de confiar y ser positivo&#8221; y que siente que el equipo a\u00fan puede &#8220;hacer una gran temporada&#8221;.<\/p>\n\n\n\n<p>Y por supuesto, no se le ha pasado por la cabeza dejarlo: &#8220;No me va a frenar nadie. Cada d\u00eda estoy m\u00e1s implicado, con m\u00e1s inter\u00e9s y m\u00e1s responsabilidad si cabe. No quiero fallar, y menos al club de mi vida&#8221;.<\/p>\n\n\n\n<p>&#8220;Estoy muy ilusionado, es momento de ser coherente, estar calmados, coger confianza. Creo m\u00e1s que nunca en el proyecto, tenemos una uni\u00f3n fant\u00e1stica, ayer habl\u00e9 con Deco. Se est\u00e1n haciendo las cosas muy bien y creo que estamos a medio camino de hacer un gran Bar\u00e7a&#8221;, reiter\u00f3 el preparador catal\u00e1n, que subray\u00f3 que el club lo que necesita ahora mismo es &#8220;estabilidad&#8221;.&nbsp;<\/p>\n\n\n\n<p>&#8220;Hace un mes me dec\u00edas si iba a ser el Ferguson del Bar\u00e7a. Entonces me voy a volver loco: ahora estoy en la calle. No s\u00e9 d\u00f3nde estoy. El club necesita estabilidad, m\u00e1s en la era post-Messi y en una situaci\u00f3n econ\u00f3mica complicad\u00edsima&#8221;, le contest\u00f3 a un periodista.<\/p>\n\n\n\n<p>Eso as\u00ed, Xavi admiti\u00f3 que &#8220;esto va a rendir y, si no hay resultados, el entrenador se tendr\u00e1 que ir a final de temporada&#8221;, pero pidi\u00f3 calma hasta entonces, incluso si se pierde ma\u00f1ana en Mestalla. Un partido que, en cualquier caso, calific\u00f3 de &#8220;final&#8221;.<\/p>\n\n\n\n<p>&nbsp;&#8220;Es una final, porque tenemos necesidad de puntos. En La Liga no estamos como tendr\u00edamos que estar. La derrota del Madrid y del Girona nos pes\u00f3 y nos est\u00e1 afectando. Ma\u00f1ana es muy importante contra un rival complicado y duro. Baraja est\u00e1 haciendo un trabajo extraordinario. Han dado un paso al frente, Mestalla aprieta aunque llevan un punto de doce&#8221;, advirti\u00f3.<\/p>\n","protected":false},"excerpt":{"rendered":"<p>El entrenador del Barcelona, Xavi Hern\u00e1ndez, lament\u00f3 en la previa del partido ante el Valencia que &#8220;se est\u00e1 explicando una irrealidad&#8221; de lo que le pasa a su equipo, que a su entender sigue &#8220;en la carrera por ganar cuatro t\u00edtulos&#8221;. &#8220;Se repite lo mismo que la temporada pasada. En octubre, lo quer\u00edamos quemar todo&#8221;, [&hellip;]<\/p>\n","protected":false},"author":80,"featured_media":292272,"comment_status":"closed","ping_status":"closed","sticky":false,"template":"","format":"standard","meta":{"footnotes":""},"categories":[39],"tags":[],"class_list":["post-292271","post","type-post","status-publish","format-standard","has-post-thumbnail","hentry","category-deportiva"],"_links":{"self":[{"href":"https:\/\/plazajuarez.mx\/historico\/wp-json\/wp\/v2\/posts\/292271","targetHints":{"allow":["GET"]}}],"collection":[{"href":"https:\/\/plazajuarez.mx\/historico\/wp-json\/wp\/v2\/posts"}],"about":[{"href":"https:\/\/plazajuarez.mx\/historico\/wp-json\/wp\/v2\/types\/post"}],"author":[{"embeddable":true,"href":"https:\/\/plazajuarez.mx\/historico\/wp-json\/wp\/v2\/users\/80"}],"replies":[{"embeddable":true,"href":"https:\/\/plazajuarez.mx\/historico\/wp-json\/wp\/v2\/comments?post=292271"}],"version-history":[{"count":0,"href":"https:\/\/plazajuarez.mx\/historico\/wp-json\/wp\/v2\/posts\/292271\/revisions"}],"wp:featuredmedia":[{"embeddable":true,"href":"https:\/\/plazajuarez.mx\/historico\/wp-json\/wp\/v2\/media\/292272"}],"wp:attachment":[{"href":"https:\/\/plazajuarez.mx\/historico\/wp-json\/wp\/v2\/media?parent=292271"}],"wp:term":[{"taxonomy":"category","embeddable":true,"href":"https:\/\/plazajuarez.mx\/historico\/wp-json\/wp\/v2\/categories?post=292271"},{"taxonomy":"post_tag","embeddable":true,"href":"https:\/\/plazajuarez.mx\/historico\/wp-json\/wp\/v2\/tags?post=292271"}],"curies":[{"name":"wp","href":"https:\/\/api.w.org\/{rel}","templated":true}]}}