{"id":292268,"date":"2023-12-16T05:00:00","date_gmt":"2023-12-16T11:00:00","guid":{"rendered":"https:\/\/plazajuarez.mx\/?p=292268"},"modified":"2023-12-16T04:12:44","modified_gmt":"2023-12-16T10:12:44","slug":"colombia-y-mexico-despiden-el-ano-con-un-amistoso-en-ee-uu-sin-sus-grandes-figuras","status":"publish","type":"post","link":"https:\/\/plazajuarez.mx\/historico\/colombia-y-mexico-despiden-el-ano-con-un-amistoso-en-ee-uu-sin-sus-grandes-figuras\/","title":{"rendered":"Colombia y M\u00e9xico despiden el a\u00f1o con un amistoso en EE.UU. sin sus grandes figuras"},"content":{"rendered":"\n<p>Las selecciones de Colombia y M\u00e9xico despedir\u00e1n este s\u00e1bado su a\u00f1o con un amistoso en E.U. en el que ninguno de los dos equipos cuenta con sus grandes figuras, pero que le permitir\u00e1 a sus entrenadores ver jugadores con miras a las competencias de 2024, entre ellas la Copa Am\u00e9rica.<\/p>\n\n\n\n<p>Los Cafeteros vienen de vencer 1-0 a la selecci\u00f3n sub-23 de Venezuela en otro amistoso disputado el fin de semana pasado en Fort Lauderdale, donde han preparado toda la semana el partido ante la selecci\u00f3n norteamericana que se disputar\u00e1 en Los \u00c1ngeles.&nbsp;<\/p>\n\n\n\n<p>La principal novedad que tendr\u00e1 el equipo de N\u00e9stor Lorenzo ser\u00e1 la aparici\u00f3n de Juan Camilo &#8216;Cucho&#8217; Hern\u00e1ndez, que viene de coronarse campe\u00f3n de la MLS Cup con el Columbus Crew y fue elegido como MVP del torneo, en el que anot\u00f3 21 goles.<\/p>\n\n\n\n<p>Sin embargo, el estratega argentino perdi\u00f3 para este partido al delantero Mateo Cassiera, del Zenit, por &#8220;una lesi\u00f3n muscular que le impide estar en plenitud de condiciones&#8221;, seg\u00fan la Federaci\u00f3n Colombiana de F\u00fatbol (FCF).&nbsp;<\/p>\n\n\n\n<p>Se espera que N\u00e9stor Lorenzo le siga dando minutos a jugadores que sobresalieron ante Venezuela como es el caso del defensor Brayan Vera, del Real Salt Lake; el centrocampista Sebasti\u00e1n G\u00f3mez, del Curitiba; el creativo David Macalister Silva, de Millonarios, y el extremo Ian Carlo Poveda, de Leeds.<\/p>\n\n\n\n<p>Igualmente se espera que pesquen minutos jugadores como el lateral Jimer Fory, del Deportivo Pereira, y el volante Jader Qui\u00f1ones, del Am\u00e9rica de Cali, que no jugaron ante Venezuela.&nbsp;<\/p>\n\n\n\n<p>M\u00e9xico, entre tanto, llega a este partido con un equipo formado por jugadores de la Liga Mx, sin integrantes de los equipos Am\u00e9rica y Tigres UANL, finalistas del torneo Apertura.<\/p>\n\n\n\n<p>Jaime Lozano llam\u00f3 para este partido al delantero Guillermo Mart\u00ednez, su l\u00edder goleador con el Puebla, y el guardameta Julio Gonz\u00e1lez, de los Pumas UNAM.<\/p>\n\n\n\n<p>Mart\u00ednez fue clave para la clasificaci\u00f3n de su equipo a los cuartos de final y Gonz\u00e1lez, figura determinante de los Pumas, eliminados en la semifinal por los Tigres UANL.<\/p>\n\n\n\n<p>Lozano conf\u00eda en que M\u00e9xico cierre de la mejor manera un a\u00f1o de altibajos para el Tri, que empez\u00f3 mal, pero gan\u00f3 la Copa Oro y se clasific\u00f3 a la fase de los cuatro mejores de la Liga de Naciones.<\/p>\n\n\n\n<p><strong>Alineaciones probables:<\/strong><\/p>\n\n\n\n<p>Colombia: \u00c1lvaro Montero; Juan Mosquera, Andr\u00e9s Reyes, Brayan Vera, Samuel Vel\u00e1squez; Jorman Campuzano, Sebasti\u00e1n G\u00f3mez, David Silva; Ian Carlo Poveda, Henry Mosquera, Juan Camilo Hern\u00e1ndez.&nbsp;<\/p>\n\n\n\n<p><strong>Seleccionador:<\/strong> N\u00e9stor Lorenzo<\/p>\n\n\n\n<p>M\u00e9xico: Julio Gonz\u00e1lez; Brian Garc\u00eda, Alexis Pe\u00f1a, Rafael Fern\u00e1ndez, Jes\u00fas Orozco; Alfonso Gonz\u00e1lez, Erik Lira, Andr\u00e9s Monta\u00f1o, Jordi Cortizo; C\u00e9sar Huerta, Bryan Gonz\u00e1lez.<\/p>\n\n\n\n<p><strong>Seleccionador:<\/strong> Jaime Lozano<\/p>\n\n\n\n<p>Estadio: United Airlines Field at the Memorial Coliseum, de Los \u00c1ngeles.<\/p>\n\n\n\n<p>Hora: 16.00 hora local (00.00 GMT del domingo).&nbsp;<\/p>\n","protected":false},"excerpt":{"rendered":"<p>Las selecciones de Colombia y M\u00e9xico despedir\u00e1n este s\u00e1bado su a\u00f1o con un amistoso en E.U. en el que ninguno de los dos equipos cuenta con sus grandes figuras, pero que le permitir\u00e1 a sus entrenadores ver jugadores con miras a las competencias de 2024, entre ellas la Copa Am\u00e9rica. Los Cafeteros vienen de vencer [&hellip;]<\/p>\n","protected":false},"author":80,"featured_media":292269,"comment_status":"closed","ping_status":"closed","sticky":false,"template":"","format":"standard","meta":{"footnotes":""},"categories":[39],"tags":[],"class_list":["post-292268","post","type-post","status-publish","format-standard","has-post-thumbnail","hentry","category-deportiva"],"_links":{"self":[{"href":"https:\/\/plazajuarez.mx\/historico\/wp-json\/wp\/v2\/posts\/292268","targetHints":{"allow":["GET"]}}],"collection":[{"href":"https:\/\/plazajuarez.mx\/historico\/wp-json\/wp\/v2\/posts"}],"about":[{"href":"https:\/\/plazajuarez.mx\/historico\/wp-json\/wp\/v2\/types\/post"}],"author":[{"embeddable":true,"href":"https:\/\/plazajuarez.mx\/historico\/wp-json\/wp\/v2\/users\/80"}],"replies":[{"embeddable":true,"href":"https:\/\/plazajuarez.mx\/historico\/wp-json\/wp\/v2\/comments?post=292268"}],"version-history":[{"count":0,"href":"https:\/\/plazajuarez.mx\/historico\/wp-json\/wp\/v2\/posts\/292268\/revisions"}],"wp:featuredmedia":[{"embeddable":true,"href":"https:\/\/plazajuarez.mx\/historico\/wp-json\/wp\/v2\/media\/292269"}],"wp:attachment":[{"href":"https:\/\/plazajuarez.mx\/historico\/wp-json\/wp\/v2\/media?parent=292268"}],"wp:term":[{"taxonomy":"category","embeddable":true,"href":"https:\/\/plazajuarez.mx\/historico\/wp-json\/wp\/v2\/categories?post=292268"},{"taxonomy":"post_tag","embeddable":true,"href":"https:\/\/plazajuarez.mx\/historico\/wp-json\/wp\/v2\/tags?post=292268"}],"curies":[{"name":"wp","href":"https:\/\/api.w.org\/{rel}","templated":true}]}}