{"id":292264,"date":"2023-12-16T05:00:00","date_gmt":"2023-12-16T11:00:00","guid":{"rendered":"https:\/\/plazajuarez.mx\/?p=292264"},"modified":"2023-12-16T04:09:48","modified_gmt":"2023-12-16T10:09:48","slug":"messi-busquets-alba-e-iniesta-se-reencontraran-en-tokio-durante-la-gira-del-inter-miami","status":"publish","type":"post","link":"https:\/\/plazajuarez.mx\/historico\/messi-busquets-alba-e-iniesta-se-reencontraran-en-tokio-durante-la-gira-del-inter-miami\/","title":{"rendered":"Messi, Busquets, Alba e Iniesta se reencontrar\u00e1n en Tokio durante la gira del Inter Miami"},"content":{"rendered":"\n<p>El Inter Miami se enfrentar\u00e1 con el Vissel Kobe, campe\u00f3n de la liga japonesa J1, el pr\u00f3ximo 7 de febrero en Tokio en un partido que supondr\u00e1 la reuni\u00f3n de Lionel Messi, Sergio Busquets y Jordi Alba con su ex compa\u00f1ero del Barcelona, Andr\u00e9s Iniesta.&nbsp;<\/p>\n\n\n\n<p>El partido es parte de la gira de preparaci\u00f3n del equipo estadounidense para la temporada 2024 de la MLS.<\/p>\n\n\n\n<p>El encuentro contra el Vissel Kobe, en el que milit\u00f3 Iniesta, se disputar\u00e1 en el Nuevo Estadio Ol\u00edmpico de Jap\u00f3n en Tokio y se a\u00f1ade a los partidos que el Inter Miami ya ha anunciado en El Salvador, Arabia Saud\u00ed y Hong Kong (China).<\/p>\n\n\n\n<p>El Inter Miami asegur\u00f3 en un comunicado que Iniesta estar\u00e1 presente en el partido para reunirse con sus antiguos compa\u00f1eros del Barcelona.<\/p>\n\n\n\n<p>El director deportivo del Inter Miami, Chris Henderson, destac\u00f3 que Vissel Kobe, el \u00faltimo campe\u00f3n de la Liga J1, &#8220;es una potencia en Asia&#8221; que acaba de terminar una temporada hist\u00f3rica.<\/p>\n\n\n\n<p>&#8220;Estamos encantados de tener esta oportunidad para afinar nuestro equipo en un partido como \u00e9ste. Seguimos buscando las mejores formas de prepararnos para 2024 y estamos seguros que este partido nos ayudar\u00e1 a hacerlo&#8221;, explic\u00f3 Henderson.<\/p>\n\n\n\n<p>El Inter Miami iniciar\u00e1 su gira de preparaci\u00f3n el 19 de enero en el Estadio Cuscatl\u00e1n de San Salvador frente a la selecci\u00f3n nacional salvadore\u00f1a que dirige el preparador espa\u00f1ol Rub\u00e9n de la Barrera.<\/p>\n\n\n\n<p>Posteriormente, el equipo de Messi, Sergio Busquets y Jordi Alba viajar\u00e1 a Arabia Saud\u00ed para jugar un triangular del 29 de enero al 1 de febrero con los equipos locales Al Nassr, de Cristiano Ronaldo, y Al Hilal, que tiene en sus filas al brasile\u00f1o Neymar.<\/p>\n\n\n\n<p>En Hong Kong, el Inter Miami jugar\u00e1 un amistoso contra el Equipo Hong Kong.<\/p>\n\n\n\n<p>Es la primera vez que el Inter Miami realiza una gira mundial de pretemporada.<\/p>\n","protected":false},"excerpt":{"rendered":"<p>El Inter Miami se enfrentar\u00e1 con el Vissel Kobe, campe\u00f3n de la liga japonesa J1, el pr\u00f3ximo 7 de febrero en Tokio en un partido que supondr\u00e1 la reuni\u00f3n de Lionel Messi, Sergio Busquets y Jordi Alba con su ex compa\u00f1ero del Barcelona, Andr\u00e9s Iniesta.&nbsp; El partido es parte de la gira de preparaci\u00f3n del [&hellip;]<\/p>\n","protected":false},"author":80,"featured_media":292265,"comment_status":"closed","ping_status":"closed","sticky":false,"template":"","format":"standard","meta":{"footnotes":""},"categories":[39],"tags":[],"class_list":["post-292264","post","type-post","status-publish","format-standard","has-post-thumbnail","hentry","category-deportiva"],"_links":{"self":[{"href":"https:\/\/plazajuarez.mx\/historico\/wp-json\/wp\/v2\/posts\/292264","targetHints":{"allow":["GET"]}}],"collection":[{"href":"https:\/\/plazajuarez.mx\/historico\/wp-json\/wp\/v2\/posts"}],"about":[{"href":"https:\/\/plazajuarez.mx\/historico\/wp-json\/wp\/v2\/types\/post"}],"author":[{"embeddable":true,"href":"https:\/\/plazajuarez.mx\/historico\/wp-json\/wp\/v2\/users\/80"}],"replies":[{"embeddable":true,"href":"https:\/\/plazajuarez.mx\/historico\/wp-json\/wp\/v2\/comments?post=292264"}],"version-history":[{"count":0,"href":"https:\/\/plazajuarez.mx\/historico\/wp-json\/wp\/v2\/posts\/292264\/revisions"}],"wp:featuredmedia":[{"embeddable":true,"href":"https:\/\/plazajuarez.mx\/historico\/wp-json\/wp\/v2\/media\/292265"}],"wp:attachment":[{"href":"https:\/\/plazajuarez.mx\/historico\/wp-json\/wp\/v2\/media?parent=292264"}],"wp:term":[{"taxonomy":"category","embeddable":true,"href":"https:\/\/plazajuarez.mx\/historico\/wp-json\/wp\/v2\/categories?post=292264"},{"taxonomy":"post_tag","embeddable":true,"href":"https:\/\/plazajuarez.mx\/historico\/wp-json\/wp\/v2\/tags?post=292264"}],"curies":[{"name":"wp","href":"https:\/\/api.w.org\/{rel}","templated":true}]}}