{"id":292257,"date":"2023-12-16T05:00:00","date_gmt":"2023-12-16T11:00:00","guid":{"rendered":"https:\/\/plazajuarez.mx\/?p=292257"},"modified":"2023-12-16T04:02:43","modified_gmt":"2023-12-16T10:02:43","slug":"atentado-infantesco","status":"publish","type":"post","link":"https:\/\/plazajuarez.mx\/historico\/atentado-infantesco\/","title":{"rendered":"Atentado infantesco\u00a0"},"content":{"rendered":"\n<p><strong>VISION-TV<\/strong><\/p>\n\n\n\n<p>La plataforma Vix, sucursal chafa de Televisa, se ha encargado de filmar biopics lamentables con escasos recursos, con una visi\u00f3n que las emparenta con la desaparecida revista de esc\u00e1ndalos y nota roja \u2018Alarma\u2019.<\/p>\n\n\n\n<p>Su m\u00e1s reciente atentado se titula \u2018Se llamaba Pedro Infante\u2019 que en ocho episodios se encarga de convertir la vida del \u00eddolo de Guam\u00fachil en una horrenda telenovela, a la que se a\u00f1aden desnudos y leperadas, que har\u00e1n dif\u00edcil que se pase \u00edntegra en la tele abierta.<\/p>\n\n\n\n<p>Como la consigna es gastar lo m\u00ednimo en actores se le ha encargado el papel principal al telenovelero Mario Mor\u00e1n, con ligero parecido al \u00eddolo, pero sin el carisma y la simpat\u00eda de \u00e9ste.<\/p>\n\n\n\n<p>Para arroparlo se ha buscado como antagonista a Ana Claudia Talanc\u00f3n, como Mar\u00eda Luisa Le\u00f3n, y a uno que otro artista profesional como Julio Bracho, Julieta Egurrola y Leticia Huijara. El resto son meras presencias a las que se les podr\u00eda haber puesto una m\u00e1scara para que representaran a personajes como Jorge Negrete o Mar\u00eda F\u00e9lix.<\/p>\n\n\n\n<p>Pese a poseer un archivo con im\u00e1genes del \u00eddolo, como las de su sepelio o algunas de sus actuaciones en sus pel\u00edculas, se han mal aprovechado, llegando a rid\u00edculos como el de recrear el escenario del Festival de Berl\u00edn en el que se le premi\u00f3 con el Oso de Plata.<\/p>\n\n\n\n<p>As\u00ed pues \u2018Se llamaba Pedro Infante\u2019 se instaura de golpe y porrazo como la peor biograf\u00eda del int\u00e9rprete de \u2018Nosotros los pobres\u2019 y el \u00eddolo de M\u00e9xico se revolcar\u00eda en su tumba del Pante\u00f3n Jard\u00edn si la viera. \u00a1Pobre Pedro cu\u00e1ntos cr\u00edmenes se cometen en tu nombre!&nbsp;&nbsp;&nbsp;<\/p>\n","protected":false},"excerpt":{"rendered":"<p>VISION-TV La plataforma Vix, sucursal chafa de Televisa, se ha encargado de filmar biopics lamentables con escasos recursos, con una visi\u00f3n que las emparenta con la desaparecida revista de esc\u00e1ndalos y nota roja \u2018Alarma\u2019. Su m\u00e1s reciente atentado se titula \u2018Se llamaba Pedro Infante\u2019 que en ocho episodios se encarga de convertir la vida del [&hellip;]<\/p>\n","protected":false},"author":96,"featured_media":292258,"comment_status":"closed","ping_status":"closed","sticky":false,"template":"","format":"standard","meta":{"footnotes":""},"categories":[41],"tags":[],"class_list":["post-292257","post","type-post","status-publish","format-standard","has-post-thumbnail","hentry","category-arteria-cultural"],"_links":{"self":[{"href":"https:\/\/plazajuarez.mx\/historico\/wp-json\/wp\/v2\/posts\/292257","targetHints":{"allow":["GET"]}}],"collection":[{"href":"https:\/\/plazajuarez.mx\/historico\/wp-json\/wp\/v2\/posts"}],"about":[{"href":"https:\/\/plazajuarez.mx\/historico\/wp-json\/wp\/v2\/types\/post"}],"author":[{"embeddable":true,"href":"https:\/\/plazajuarez.mx\/historico\/wp-json\/wp\/v2\/users\/96"}],"replies":[{"embeddable":true,"href":"https:\/\/plazajuarez.mx\/historico\/wp-json\/wp\/v2\/comments?post=292257"}],"version-history":[{"count":0,"href":"https:\/\/plazajuarez.mx\/historico\/wp-json\/wp\/v2\/posts\/292257\/revisions"}],"wp:featuredmedia":[{"embeddable":true,"href":"https:\/\/plazajuarez.mx\/historico\/wp-json\/wp\/v2\/media\/292258"}],"wp:attachment":[{"href":"https:\/\/plazajuarez.mx\/historico\/wp-json\/wp\/v2\/media?parent=292257"}],"wp:term":[{"taxonomy":"category","embeddable":true,"href":"https:\/\/plazajuarez.mx\/historico\/wp-json\/wp\/v2\/categories?post=292257"},{"taxonomy":"post_tag","embeddable":true,"href":"https:\/\/plazajuarez.mx\/historico\/wp-json\/wp\/v2\/tags?post=292257"}],"curies":[{"name":"wp","href":"https:\/\/api.w.org\/{rel}","templated":true}]}}