{"id":292243,"date":"2023-12-16T05:00:00","date_gmt":"2023-12-16T11:00:00","guid":{"rendered":"https:\/\/plazajuarez.mx\/?p=292243"},"modified":"2023-12-16T03:36:47","modified_gmt":"2023-12-16T09:36:47","slug":"nueva-york-ha-recibido-a-mas-de-150-000-migrantes-desde-abril-del-ano-pasado","status":"publish","type":"post","link":"https:\/\/plazajuarez.mx\/historico\/nueva-york-ha-recibido-a-mas-de-150-000-migrantes-desde-abril-del-ano-pasado\/","title":{"rendered":"Nueva York ha recibido a m\u00e1s de 150.000 migrantes desde abril del a\u00f1o pasado"},"content":{"rendered":"\n<p>La ciudad de Nueva York ha recibido a m\u00e1s de 150.000 migrantes desde abril del a\u00f1o pasado, confirm\u00f3 a EFE una portavoz del alcalde Eric Adams.<\/p>\n\n\n\n<p>La oleada, en su mayor\u00eda venezolanos (aunque en los \u00faltimos meses han llegado muchos j\u00f3venes de \u00c1frica) ha sido constante, con entre 2.000 y hasta 3.000 personas arribando en una sola semana.<\/p>\n\n\n\n<p>La ciudad tiene a su cargo en este momento a 67.600 de los migrantes, a los que dan albergue, comidas y otros servicios.<\/p>\n\n\n\n<p>Seg\u00fan el alcalde, la situaci\u00f3n ha provocado una crisis fiscal que lo llevar\u00e1 a gastar 12.000 millones de d\u00f3lares (un poco m\u00e1s de 11.000 millones de euros) del erario para 2025, por lo que ha ordenado recortar gastos.<\/p>\n\n\n\n<p>En total, de acuerdo con los datos de la Alcad\u00eda, la ciudad tiene bajo su cuidado a m\u00e1s de 122.500 personas, que incluye a los reci\u00e9n llegados y a neoyorquinos sin techo, ya que una orden de un tribunal, de hace 42 a\u00f1os, obliga a Nueva York a dar albergue a quien lo solicite.<\/p>\n\n\n\n<p>Esto llev\u00f3 a la ciudad a tener que alquilar hoteles como refugios, levantar carpas y ubicarlos en otros lugares. En total, seg\u00fan la portavoz del alcalde, a este viernes las autoridades cuentan con 214 sitios para alojar migrantes, incluidos 18 centros de ayuda humanitaria.<\/p>\n\n\n\n<p>Los primeros grupos de personas llegaron desde Texas, enviados por el gobernador republicano, Greg Abbott, a estados dem\u00f3cratas en respuesta a la pol\u00edtica migratoria de la Administraci\u00f3n del presidente estadounidense, Joe Biden.<\/p>\n\n\n\n<p>El gobernador republicano de Florida, Ron DeSantis, tambi\u00e9n se sum\u00f3 a la iniciativa de Abbott.<\/p>\n\n\n\n<p>Otros muchos migrantes han llegado por su cuenta, lo que se atribuye a la orden de derecho al albergue del tribunal, que el alcalde ha pedido se deje sin efecto mientras contin\u00fae la crisis fiscal, lo que en estos momentos se est\u00e1 disputando en una corte federal.<\/p>\n\n\n\n<p>Adams y la gobernadora del estado de Nueva York, la dem\u00f3crata Kathy Hochul, han pedido ayuda econ\u00f3mica a Biden para afrontar la crisis fiscal de la ciudad, lo que hasta el momento no ha ocurrido.<\/p>\n\n\n\n<p>El alcalde ha pedido a las agencias municipales someter a un plan de recorte de gastos, lo que ha sido ampliamente criticado por activistas.<\/p>\n","protected":false},"excerpt":{"rendered":"<p>La ciudad de Nueva York ha recibido a m\u00e1s de 150.000 migrantes desde abril del a\u00f1o pasado, confirm\u00f3 a EFE una portavoz del alcalde Eric Adams. La oleada, en su mayor\u00eda venezolanos (aunque en los \u00faltimos meses han llegado muchos j\u00f3venes de \u00c1frica) ha sido constante, con entre 2.000 y hasta 3.000 personas arribando en [&hellip;]<\/p>\n","protected":false},"author":80,"featured_media":292244,"comment_status":"closed","ping_status":"closed","sticky":false,"template":"","format":"standard","meta":{"footnotes":""},"categories":[31],"tags":[],"class_list":["post-292243","post","type-post","status-publish","format-standard","has-post-thumbnail","hentry","category-orbe"],"_links":{"self":[{"href":"https:\/\/plazajuarez.mx\/historico\/wp-json\/wp\/v2\/posts\/292243","targetHints":{"allow":["GET"]}}],"collection":[{"href":"https:\/\/plazajuarez.mx\/historico\/wp-json\/wp\/v2\/posts"}],"about":[{"href":"https:\/\/plazajuarez.mx\/historico\/wp-json\/wp\/v2\/types\/post"}],"author":[{"embeddable":true,"href":"https:\/\/plazajuarez.mx\/historico\/wp-json\/wp\/v2\/users\/80"}],"replies":[{"embeddable":true,"href":"https:\/\/plazajuarez.mx\/historico\/wp-json\/wp\/v2\/comments?post=292243"}],"version-history":[{"count":0,"href":"https:\/\/plazajuarez.mx\/historico\/wp-json\/wp\/v2\/posts\/292243\/revisions"}],"wp:featuredmedia":[{"embeddable":true,"href":"https:\/\/plazajuarez.mx\/historico\/wp-json\/wp\/v2\/media\/292244"}],"wp:attachment":[{"href":"https:\/\/plazajuarez.mx\/historico\/wp-json\/wp\/v2\/media?parent=292243"}],"wp:term":[{"taxonomy":"category","embeddable":true,"href":"https:\/\/plazajuarez.mx\/historico\/wp-json\/wp\/v2\/categories?post=292243"},{"taxonomy":"post_tag","embeddable":true,"href":"https:\/\/plazajuarez.mx\/historico\/wp-json\/wp\/v2\/tags?post=292243"}],"curies":[{"name":"wp","href":"https:\/\/api.w.org\/{rel}","templated":true}]}}