{"id":2922,"date":"2015-03-28T06:00:00","date_gmt":"2015-03-28T06:00:00","guid":{"rendered":"http:\/\/plazajuarez.mx\/index\/index.php\/2015\/03\/28\/caasim-convoca-a-segundo-concurso-de-fotografia\/"},"modified":"2015-03-28T06:00:00","modified_gmt":"2015-03-28T06:00:00","slug":"caasim-convoca-a-segundo-concurso-de-fotografia","status":"publish","type":"post","link":"https:\/\/plazajuarez.mx\/historico\/caasim-convoca-a-segundo-concurso-de-fotografia\/","title":{"rendered":"Caasim convoca a segundo concurso de fotograf\u00eda"},"content":{"rendered":"<p><span style=\"font-family: verdana,geneva; font-size: 10pt;\">En el marco de la conmemoraci\u00f3n del D\u00eda Mundial del Agua, la Comisi\u00f3n de Agua y Alcantarillado de Sistemas Intermunicipales (Caasim), emiti\u00f3 la convocatoria para el segundo concurso de fotograf\u00eda, con el objetivo de fomentar la cultura del cuidado del vital l\u00edquido.<\/span><\/p>\n<p>  <!--more-->  <\/p>\n<p>\u00a0<\/p>\n<p><span style=\"font-family: verdana,geneva; font-size: 10pt;\">\u00a0<\/span><\/p>\n<p><span style=\"font-family: verdana,geneva; font-size: 10pt;\">El concurso que por segundo a\u00f1o se realiza, lleva por nombre \u201cHoy toca a todos cuidar el agua\u201d y est\u00e1 dirigido a j\u00f3venes universitarios a quienes les guste la fotograf\u00eda y tengan el inter\u00e9s de difundir el cuidado del agua.<\/span><\/p>\n<p><span style=\"font-family: verdana,geneva; font-size: 10pt;\">\u00a0<\/span><\/p>\n<p><span style=\"font-family: verdana,geneva; font-size: 10pt;\">Podr\u00e1n participar todos los estudiantes universitarios pertenecientes a cualquiera de los 14 municipios que abastece este organismo operador; y lo podr\u00e1n hacer en cualquiera de las dos categor\u00edas: #TodosSomosAgua y Retrato de vida. Las im\u00e1genes de ambas modalidades ser\u00e1n recibidas a partir del 27 de marzo al 14 de agosto del presente a\u00f1o y el ganador se dar\u00e1 a conocer en un evento por definir.<\/span><\/p>\n<p><span style=\"font-family: verdana,geneva; font-size: 10pt;\">\u00a0<\/span><\/p>\n<p><span style=\"font-family: verdana,geneva; font-size: 10pt;\">La primera categor\u00eda se realizar\u00e1 a trav\u00e9s de la p\u00e1gina oficial de Caasim en Facebook y para ello los participantes enviaran su material al correo electr\u00f3nico del organismo <a href=\"mailto:caasim@hidalgo.gob.mx\">caasim@hidalgo.gob.mx<\/a> . El archivo deber\u00e1 ser enviado en formato JPGa la mayor resoluci\u00f3n posible y en correo se deber\u00e1n especificar los datos del participante: nombre, tel\u00e9fono, direcci\u00f3n, escuela, titulo de la obra y una breve descripci\u00f3n de la misma.<\/span><\/p>\n<p><span style=\"font-family: verdana,geneva; font-size: 10pt;\">\u00a0<\/span><\/p>\n<p><span style=\"font-family: verdana,geneva; font-size: 10pt;\">Posteriormente se realizar\u00e1 una preselecci\u00f3n y las mejores fotos ser\u00e1n publicadas el 24 de agosto en un \u00e1lbum espec\u00edfico para que puedan ser votadas. Las cinco fotograf\u00edas que m\u00e1s \u201cme gusta\u201d reciban, ser\u00e1n seleccionadas para que un jurado elija a la ganadora. El ganador obtendr\u00e1 una mini ipad y un kit sorpresa.<\/span><\/p>\n<p><span style=\"font-family: verdana,geneva; font-size: 10pt;\">\u00a0<\/span><\/p>\n<p><span style=\"font-family: verdana,geneva; font-size: 10pt;\">En tanto la categor\u00eda Retrato de vida, los participantes deber\u00e1n entregar su material en las instalaciones de la Caasim, en el \u00e1rea de comunicaci\u00f3n social, con las siguientes especificaciones: Impresa en tama\u00f1o 11 x 14 pulgadas, podr\u00e1n ser a color o en blanco y negro, y agregar el formato digital en CD o DVD, adem\u00e1s de agregar la ficha t\u00e9cnica.<\/span><\/p>\n<p><span style=\"font-family: verdana,geneva; font-size: 10pt;\">\u00a0<\/span><\/p>\n<p><span style=\"font-family: verdana,geneva; font-size: 10pt;\">El ganador de esta categor\u00eda obtendr\u00e1 una c\u00e1mara r\u00e9flex semi profesional, reconocimiento y kit sorpresa. El jurado calificador estar\u00e1 compuesto por profesionales del ramo.<\/span><\/p>\n<p><span style=\"font-family: verdana,geneva; font-size: 10pt;\">\u00a0<\/span><\/p>\n<p><span style=\"font-family: verdana,geneva; font-size: 10pt;\">Es importante mencionar que en ambas categor\u00edas, s\u00f3lo se podr\u00e1 participar con una fotograf\u00eda in\u00e9dita por persona y quedar\u00e1n eliminadas las im\u00e1genes obscenas, manipuladas digitalmente o que incumplan con derechos de autor. Los interesados en el concurso podr\u00e1n conocer la convocatoria completa a trav\u00e9s de las redes sociales de la comisi\u00f3n.<\/span><\/p>\n<p><span style=\"font-family: verdana,geneva; font-size: 10pt;\">\u00a0<\/span><\/p>\n<p><span style=\"font-family: verdana,geneva; font-size: 10pt;\">Respecto a este concurso, el director general del organismo Daniel Barrera, invit\u00f3 a todos los universitarios a participar y expresar a trav\u00e9s de este concurso su sentir sobre el agua, pues con este concurso se busca que los j\u00f3venes hagan conciencia sobre la situaci\u00f3n del agua y la importancia de cuidarla para las futuras generaciones.<\/span><\/p>\n","protected":false},"excerpt":{"rendered":"<p>En el marco de la conmemoraci\u00f3n del D\u00eda Mundial del Agua, la Comisi\u00f3n de Agua y Alcantarillado de Sistemas Intermunicipales (Caasim), emiti\u00f3 la convocatoria para el segundo concurso de fotograf\u00eda, con el objetivo de fomentar la cultura del cuidado del vital l\u00edquido.<\/p>\n","protected":false},"author":93,"featured_media":0,"comment_status":"open","ping_status":"open","sticky":false,"template":"","format":"standard","meta":{"footnotes":""},"categories":[59],"tags":[],"class_list":["post-2922","post","type-post","status-publish","format-standard","hentry","category-general"],"_links":{"self":[{"href":"https:\/\/plazajuarez.mx\/historico\/wp-json\/wp\/v2\/posts\/2922","targetHints":{"allow":["GET"]}}],"collection":[{"href":"https:\/\/plazajuarez.mx\/historico\/wp-json\/wp\/v2\/posts"}],"about":[{"href":"https:\/\/plazajuarez.mx\/historico\/wp-json\/wp\/v2\/types\/post"}],"author":[{"embeddable":true,"href":"https:\/\/plazajuarez.mx\/historico\/wp-json\/wp\/v2\/users\/93"}],"replies":[{"embeddable":true,"href":"https:\/\/plazajuarez.mx\/historico\/wp-json\/wp\/v2\/comments?post=2922"}],"version-history":[{"count":0,"href":"https:\/\/plazajuarez.mx\/historico\/wp-json\/wp\/v2\/posts\/2922\/revisions"}],"wp:attachment":[{"href":"https:\/\/plazajuarez.mx\/historico\/wp-json\/wp\/v2\/media?parent=2922"}],"wp:term":[{"taxonomy":"category","embeddable":true,"href":"https:\/\/plazajuarez.mx\/historico\/wp-json\/wp\/v2\/categories?post=2922"},{"taxonomy":"post_tag","embeddable":true,"href":"https:\/\/plazajuarez.mx\/historico\/wp-json\/wp\/v2\/tags?post=2922"}],"curies":[{"name":"wp","href":"https:\/\/api.w.org\/{rel}","templated":true}]}}