{"id":292192,"date":"2023-12-15T06:27:59","date_gmt":"2023-12-15T12:27:59","guid":{"rendered":"https:\/\/plazajuarez.mx\/?p=292192"},"modified":"2023-12-15T06:28:01","modified_gmt":"2023-12-15T12:28:01","slug":"hidalgo-presente-en-reunion-nacional-plenaria-del-conaedu","status":"publish","type":"post","link":"https:\/\/plazajuarez.mx\/historico\/hidalgo-presente-en-reunion-nacional-plenaria-del-conaedu\/","title":{"rendered":"Hidalgo, presente en Reuni\u00f3n Nacional Plenaria del CONAEDU"},"content":{"rendered":"\n<p>El secretario de Educaci\u00f3n P\u00fablica de Hidalgo, Natividad Castrej\u00f3n Valdez, asisti\u00f3 a la LIX Reuni\u00f3n Nacional Plenaria Ordinaria del Consejo Nacional de Autoridades Educativas (CONAEDU), que se realiz\u00f3 en Ixtapan de la Sal en el Estado de M\u00e9xico, encabezada por la secretaria de Educaci\u00f3n P\u00fablica, Leticia Ram\u00edrez Amaya.<\/p>\n\n\n\n<p>En dicho evento, el titular de la SEPH refrend\u00f3 el compromiso del gobernador Julio Menchaca Salazar de estar interesados en participar, fortalecer y contribuir en todos aquellos trabajos y esfuerzos que, de manera conjunta, se est\u00e1n realizando en coordinaci\u00f3n con las instancias federales para que tal y como lo se\u00f1ala el modelo que impulsa la Nueva Escuela Mexicana (NEM), se garantice el derecho a la educaci\u00f3n de ni\u00f1as, ni\u00f1os, adolescentes y j\u00f3venes.<\/p>\n\n\n\n<p>Esta reuni\u00f3n, \u00faltima del a\u00f1o, es un espacio de reflexi\u00f3n y evaluaci\u00f3n necesaria que conforme la primera mitad del actual ciclo escolar 2023-2024, permita reforzar las acciones e implementar rutas de mejora en los programas y logros educativos.<\/p>\n\n\n\n<p>Asimismo, tuvo como prop\u00f3sito compartir los avances de temas prioritarios en educaci\u00f3n, adem\u00e1s de analizar e intercambiar opiniones sobre el desarrollo de las pol\u00edticas p\u00fablicas enfocadas a dicho sector.&nbsp;<\/p>\n","protected":false},"excerpt":{"rendered":"<p>El secretario de Educaci\u00f3n P\u00fablica de Hidalgo, Natividad Castrej\u00f3n Valdez, asisti\u00f3 a la LIX Reuni\u00f3n Nacional Plenaria Ordinaria del Consejo Nacional de Autoridades Educativas (CONAEDU), que se realiz\u00f3 en Ixtapan de la Sal en el Estado de M\u00e9xico, encabezada por la secretaria de Educaci\u00f3n P\u00fablica, Leticia Ram\u00edrez Amaya. En dicho evento, el titular de la [&hellip;]<\/p>\n","protected":false},"author":93,"featured_media":292193,"comment_status":"closed","ping_status":"closed","sticky":false,"template":"","format":"standard","meta":{"footnotes":""},"categories":[59],"tags":[],"class_list":["post-292192","post","type-post","status-publish","format-standard","has-post-thumbnail","hentry","category-general"],"_links":{"self":[{"href":"https:\/\/plazajuarez.mx\/historico\/wp-json\/wp\/v2\/posts\/292192","targetHints":{"allow":["GET"]}}],"collection":[{"href":"https:\/\/plazajuarez.mx\/historico\/wp-json\/wp\/v2\/posts"}],"about":[{"href":"https:\/\/plazajuarez.mx\/historico\/wp-json\/wp\/v2\/types\/post"}],"author":[{"embeddable":true,"href":"https:\/\/plazajuarez.mx\/historico\/wp-json\/wp\/v2\/users\/93"}],"replies":[{"embeddable":true,"href":"https:\/\/plazajuarez.mx\/historico\/wp-json\/wp\/v2\/comments?post=292192"}],"version-history":[{"count":0,"href":"https:\/\/plazajuarez.mx\/historico\/wp-json\/wp\/v2\/posts\/292192\/revisions"}],"wp:featuredmedia":[{"embeddable":true,"href":"https:\/\/plazajuarez.mx\/historico\/wp-json\/wp\/v2\/media\/292193"}],"wp:attachment":[{"href":"https:\/\/plazajuarez.mx\/historico\/wp-json\/wp\/v2\/media?parent=292192"}],"wp:term":[{"taxonomy":"category","embeddable":true,"href":"https:\/\/plazajuarez.mx\/historico\/wp-json\/wp\/v2\/categories?post=292192"},{"taxonomy":"post_tag","embeddable":true,"href":"https:\/\/plazajuarez.mx\/historico\/wp-json\/wp\/v2\/tags?post=292192"}],"curies":[{"name":"wp","href":"https:\/\/api.w.org\/{rel}","templated":true}]}}