{"id":292140,"date":"2023-12-15T03:05:18","date_gmt":"2023-12-15T09:05:18","guid":{"rendered":"https:\/\/plazajuarez.mx\/?p=292140"},"modified":"2023-12-15T03:05:21","modified_gmt":"2023-12-15T09:05:21","slug":"protestan-por-desaparicion-de-joven-en-acapulco","status":"publish","type":"post","link":"https:\/\/plazajuarez.mx\/historico\/protestan-por-desaparicion-de-joven-en-acapulco\/","title":{"rendered":"Protestan por desaparici\u00f3n de joven en Acapulco"},"content":{"rendered":"\n<p>Activistas, familiares y amigos de Luisa Fernanda Garc\u00eda Villegas, una joven de 28 a\u00f1os desaparecida en Acapulco, en Guerrero, bloquearon como forma de protesta este jueves la importante avenida Costera Miguel Alem\u00e1n de la ciudad para exigir que aparezca con vida.<\/p>\n\n\n\n<p>Con gritos de &#8220;Viva se la llevaron, viva la queremos&#8221;, &#8220;No estamos todas, nos falta Luisa&#8221; o &#8220;Te esperamos, te estamos buscando, Luisa Fernanda&#8221;, entre otros, mujeres activistas y allegados de la joven, principalmente, pidieron que las autoridades realicen las actividades de b\u00fasqueda pertinentes y adem\u00e1s solicitaron un alto a la violencia feminicida en M\u00e9xico.<\/p>\n\n\n\n<p>Alrededor de 120 personas se concentraron en la glorieta de la Diana Cazadora, donde bloquearon todos los carriles de los dos sentidos, impidiendo el tr\u00e1nsito vehicular.<\/p>\n\n\n\n<p>Claudia Ivette Garc\u00eda, prima de Luisa Fernanda, dijo a medios que la joven desapareci\u00f3 el pasado lunes a las 10:00 hora local, despu\u00e9s de salir de su casa en el fraccionamiento Costa Azul.<\/p>\n","protected":false},"excerpt":{"rendered":"<p>Activistas, familiares y amigos de Luisa Fernanda Garc\u00eda Villegas, una joven de 28 a\u00f1os desaparecida en Acapulco, en Guerrero, bloquearon como forma de protesta este jueves la importante avenida Costera Miguel Alem\u00e1n de la ciudad para exigir que aparezca con vida. Con gritos de &#8220;Viva se la llevaron, viva la queremos&#8221;, &#8220;No estamos todas, nos [&hellip;]<\/p>\n","protected":false},"author":80,"featured_media":292142,"comment_status":"closed","ping_status":"closed","sticky":false,"template":"","format":"standard","meta":{"footnotes":""},"categories":[36],"tags":[],"class_list":["post-292140","post","type-post","status-publish","format-standard","has-post-thumbnail","hentry","category-nacion"],"_links":{"self":[{"href":"https:\/\/plazajuarez.mx\/historico\/wp-json\/wp\/v2\/posts\/292140","targetHints":{"allow":["GET"]}}],"collection":[{"href":"https:\/\/plazajuarez.mx\/historico\/wp-json\/wp\/v2\/posts"}],"about":[{"href":"https:\/\/plazajuarez.mx\/historico\/wp-json\/wp\/v2\/types\/post"}],"author":[{"embeddable":true,"href":"https:\/\/plazajuarez.mx\/historico\/wp-json\/wp\/v2\/users\/80"}],"replies":[{"embeddable":true,"href":"https:\/\/plazajuarez.mx\/historico\/wp-json\/wp\/v2\/comments?post=292140"}],"version-history":[{"count":0,"href":"https:\/\/plazajuarez.mx\/historico\/wp-json\/wp\/v2\/posts\/292140\/revisions"}],"wp:featuredmedia":[{"embeddable":true,"href":"https:\/\/plazajuarez.mx\/historico\/wp-json\/wp\/v2\/media\/292142"}],"wp:attachment":[{"href":"https:\/\/plazajuarez.mx\/historico\/wp-json\/wp\/v2\/media?parent=292140"}],"wp:term":[{"taxonomy":"category","embeddable":true,"href":"https:\/\/plazajuarez.mx\/historico\/wp-json\/wp\/v2\/categories?post=292140"},{"taxonomy":"post_tag","embeddable":true,"href":"https:\/\/plazajuarez.mx\/historico\/wp-json\/wp\/v2\/tags?post=292140"}],"curies":[{"name":"wp","href":"https:\/\/api.w.org\/{rel}","templated":true}]}}