{"id":292122,"date":"2023-12-15T02:35:00","date_gmt":"2023-12-15T08:35:00","guid":{"rendered":"https:\/\/plazajuarez.mx\/?p=292122"},"modified":"2023-12-15T02:35:04","modified_gmt":"2023-12-15T08:35:04","slug":"hacia-la-recuperacion","status":"publish","type":"post","link":"https:\/\/plazajuarez.mx\/historico\/hacia-la-recuperacion\/","title":{"rendered":"Hacia la recuperaci\u00f3n"},"content":{"rendered":"\n<h2 class=\"wp-block-heading\">CINE DE HOY<\/h2>\n\n\n\n<p>En esta ocasi\u00f3n vamos a hablar de la Cineteca Nacional y sus n\u00fameros en pel\u00edculas nacionales e internacionales; los planes a futuro y las mejoras en infraestructura<\/p>\n\n\n\n<p>Sin alcanzar la asistencia r\u00e9cord antes de la pandemia, la Cineteca Nacional se acerca hacia la recuperaci\u00f3n total y este a\u00f1o terminar\u00e1 con una cifra cercana a los 900 mil espectadores,<\/p>\n\n\n\n<p>As\u00ed lo inform\u00f3 el director general del recinto Alejandro Pelayo, quien reconoci\u00f3 que en la Cineteca de las Artes el asunto es m\u00e1s dif\u00edcil de lo que esperaban, aunque se acercan a los 100 mil espectadores en sus cuatro primeros meses.<\/p>\n\n\n\n<p>La oscareada \u201cLa ballena\u201d de Darren Aronofsky fue la cinta m\u00e1s vista con 33 mil asistentes. Sorprende que cintas que se exhiben en la plataforma Netflix se encuentren entre las m\u00e1s vistas como \u201cAsteroid City\u201d de Wes Anderson y \u201cLos asesinos de la luna\u201d de Martin Scorsese, en el segundo y octavo lugar. Mientras que la esperada \u201cOppenheimer\u201d de Christopher Nolan termin\u00f3 en tercer lugar.<\/p>\n\n\n\n<p>El director de programaci\u00f3n, Nelson Carro, recalc\u00f3 que la asistencia del cine mexicano fue similar a la del a\u00f1o anterior. \u201cHeroico\u201d, el filme antimilitarista de David Zozana termin\u00f3 en primer lugar con 10 mil espectadores. Sorprende que dos cintas de reciente estreno se hayan colado entre las diez primeras. \u201cTemporada de huracanes\u201d de Elisa Miller y \u201cTotem\u201d de Lila Avil\u00e9s, en cuarto y quinto lugar respectivamente.<\/p>\n\n\n\n<p>Tambi\u00e9n resulta sorpresivo que la cinta m\u00e1s vista en la Cineteca de las Artes, sea el cl\u00e1sico de terror \u201cVeneno para las hadas\u201d de Carlos Enrique Taboada.<\/p>\n\n\n\n<p>Por lo que toca a la preservaci\u00f3n, se estabilizaron 434 cintas del acervo y se digitalizaron 375 rollos, adem\u00e1s de restaurar dos cl\u00e1sicos independientes como \u201cAmor a la vuelta de la esquina\u201d de Alberto Cort\u00e9s y \u201cLa mujer de Benjam\u00edn\u201d de Carlos Carrera.<\/p>\n\n\n\n<p>Finalmente, se anunci\u00f3 que los trabajos de la Cineteca Chapultepec se terminar\u00e1n este a\u00f1o, pero las v\u00edas de acceso tardar\u00e1n un poco m\u00e1s.&nbsp;<\/p>\n","protected":false},"excerpt":{"rendered":"<p>CINE DE HOY En esta ocasi\u00f3n vamos a hablar de la Cineteca Nacional y sus n\u00fameros en pel\u00edculas nacionales e internacionales; los planes a futuro y las mejoras en infraestructura Sin alcanzar la asistencia r\u00e9cord antes de la pandemia, la Cineteca Nacional se acerca hacia la recuperaci\u00f3n total y este a\u00f1o terminar\u00e1 con una cifra [&hellip;]<\/p>\n","protected":false},"author":96,"featured_media":247288,"comment_status":"closed","ping_status":"closed","sticky":false,"template":"","format":"standard","meta":{"footnotes":""},"categories":[41,54,42],"tags":[],"class_list":["post-292122","post","type-post","status-publish","format-standard","has-post-thumbnail","hentry","category-arteria-cultural","category-jorge-carrasco","category-nuestrapalabra"],"_links":{"self":[{"href":"https:\/\/plazajuarez.mx\/historico\/wp-json\/wp\/v2\/posts\/292122","targetHints":{"allow":["GET"]}}],"collection":[{"href":"https:\/\/plazajuarez.mx\/historico\/wp-json\/wp\/v2\/posts"}],"about":[{"href":"https:\/\/plazajuarez.mx\/historico\/wp-json\/wp\/v2\/types\/post"}],"author":[{"embeddable":true,"href":"https:\/\/plazajuarez.mx\/historico\/wp-json\/wp\/v2\/users\/96"}],"replies":[{"embeddable":true,"href":"https:\/\/plazajuarez.mx\/historico\/wp-json\/wp\/v2\/comments?post=292122"}],"version-history":[{"count":0,"href":"https:\/\/plazajuarez.mx\/historico\/wp-json\/wp\/v2\/posts\/292122\/revisions"}],"wp:featuredmedia":[{"embeddable":true,"href":"https:\/\/plazajuarez.mx\/historico\/wp-json\/wp\/v2\/media\/247288"}],"wp:attachment":[{"href":"https:\/\/plazajuarez.mx\/historico\/wp-json\/wp\/v2\/media?parent=292122"}],"wp:term":[{"taxonomy":"category","embeddable":true,"href":"https:\/\/plazajuarez.mx\/historico\/wp-json\/wp\/v2\/categories?post=292122"},{"taxonomy":"post_tag","embeddable":true,"href":"https:\/\/plazajuarez.mx\/historico\/wp-json\/wp\/v2\/tags?post=292122"}],"curies":[{"name":"wp","href":"https:\/\/api.w.org\/{rel}","templated":true}]}}