{"id":292116,"date":"2023-12-15T02:26:56","date_gmt":"2023-12-15T08:26:56","guid":{"rendered":"https:\/\/plazajuarez.mx\/?p=292116"},"modified":"2023-12-15T02:26:59","modified_gmt":"2023-12-15T08:26:59","slug":"terrible-explosion-de-pirotecnia-cobra-la-vida-de-tres-personas-y-hay-25-heridos","status":"publish","type":"post","link":"https:\/\/plazajuarez.mx\/historico\/terrible-explosion-de-pirotecnia-cobra-la-vida-de-tres-personas-y-hay-25-heridos\/","title":{"rendered":"Terrible explosi\u00f3n de pirotecnia, cobra la\u00a0vida de tres personas y hay 25 heridos"},"content":{"rendered":"\n<p>Una tragedia se registr\u00f3 la noche del mi\u00e9rcoles, en una comunidad del municipio de Tepeyahualco, perteneciente al estado de Puebla, donde se gener\u00f3 la explosi\u00f3n de un polvor\u00edn que dej\u00f3 a tres personas muertas y 25 heridos.<\/p>\n\n\n\n<p>La informaci\u00f3n detalla que la explosi\u00f3n tuvo lugar en una bodega donde almacenaban pirotecnia, que iba a ser utilizada para las fiestas patronales de la comunidad de Guadalupe Sarabia.<\/p>\n\n\n\n<p>Vecinos de esa demarcaci\u00f3n poblana, llamaron a emergencias para solicitar la intervenci\u00f3n de socorristas para brindar ayuda a los afectados.<\/p>\n\n\n\n<p>El gobierno de Puebla, inform\u00f3 que los hechos ocurrieron la noche de este mi\u00e9rcoles 13 de diciembre y que 23 de los 25 heridos, fueron trasladados a diversos hospitales para recibir atenci\u00f3n m\u00e9dica.<\/p>\n\n\n\n<p>De manera extraoficial trascendi\u00f3 que entre las tres personas que perdieron la vida, se cuenta al trompetista Goyito del grupo Jorge Dom\u00ednguez&amp;s\u00faper class y que un bailar\u00edn de la misma banda habr\u00eda resultado con severas lesiones. por lo que fue canalizado a un nosocomio de la entidad.<\/p>\n\n\n\n<p>La tragedia ocurri\u00f3 en festejos del programa de la feria Guadalupe Sarabia, que inici\u00f3 el pasado 11 de diciembre, por lo que la noche del mi\u00e9rcoles se hab\u00eda dado inicio la quema de fuegos artificiales al filo de las 21:00 horas, pero el material de pirotecnia comenz\u00f3 a arder y en segundos ocurri\u00f3 la explosi\u00f3n que gener\u00f3 funestas consecuencias.<\/p>\n\n\n\n<p>El gobernador de Puebla, Sergio Salom\u00f3n expres\u00f3 sus condolencias a familiares de las v\u00edctimas y detall\u00f3, que gir\u00f3 instrucciones para que todas las instancias de gobierno participen en las labores de auxilio y asistencia.<\/p>\n","protected":false},"excerpt":{"rendered":"<p>Una tragedia se registr\u00f3 la noche del mi\u00e9rcoles, en una comunidad del municipio de Tepeyahualco, perteneciente al estado de Puebla, donde se gener\u00f3 la explosi\u00f3n de un polvor\u00edn que dej\u00f3 a tres personas muertas y 25 heridos. La informaci\u00f3n detalla que la explosi\u00f3n tuvo lugar en una bodega donde almacenaban pirotecnia, que iba a ser [&hellip;]<\/p>\n","protected":false},"author":93,"featured_media":292117,"comment_status":"closed","ping_status":"closed","sticky":false,"template":"","format":"standard","meta":{"footnotes":""},"categories":[37],"tags":[],"class_list":["post-292116","post","type-post","status-publish","format-standard","has-post-thumbnail","hentry","category-barandilla"],"_links":{"self":[{"href":"https:\/\/plazajuarez.mx\/historico\/wp-json\/wp\/v2\/posts\/292116","targetHints":{"allow":["GET"]}}],"collection":[{"href":"https:\/\/plazajuarez.mx\/historico\/wp-json\/wp\/v2\/posts"}],"about":[{"href":"https:\/\/plazajuarez.mx\/historico\/wp-json\/wp\/v2\/types\/post"}],"author":[{"embeddable":true,"href":"https:\/\/plazajuarez.mx\/historico\/wp-json\/wp\/v2\/users\/93"}],"replies":[{"embeddable":true,"href":"https:\/\/plazajuarez.mx\/historico\/wp-json\/wp\/v2\/comments?post=292116"}],"version-history":[{"count":0,"href":"https:\/\/plazajuarez.mx\/historico\/wp-json\/wp\/v2\/posts\/292116\/revisions"}],"wp:featuredmedia":[{"embeddable":true,"href":"https:\/\/plazajuarez.mx\/historico\/wp-json\/wp\/v2\/media\/292117"}],"wp:attachment":[{"href":"https:\/\/plazajuarez.mx\/historico\/wp-json\/wp\/v2\/media?parent=292116"}],"wp:term":[{"taxonomy":"category","embeddable":true,"href":"https:\/\/plazajuarez.mx\/historico\/wp-json\/wp\/v2\/categories?post=292116"},{"taxonomy":"post_tag","embeddable":true,"href":"https:\/\/plazajuarez.mx\/historico\/wp-json\/wp\/v2\/tags?post=292116"}],"curies":[{"name":"wp","href":"https:\/\/api.w.org\/{rel}","templated":true}]}}