{"id":292110,"date":"2023-12-15T02:12:13","date_gmt":"2023-12-15T08:12:13","guid":{"rendered":"https:\/\/plazajuarez.mx\/?p=292110"},"modified":"2023-12-15T02:12:16","modified_gmt":"2023-12-15T08:12:16","slug":"hieren-a-custodios-que-investigaban-sobre-un-trailer-robado","status":"publish","type":"post","link":"https:\/\/plazajuarez.mx\/historico\/hieren-a-custodios-que-investigaban-sobre-un-trailer-robado\/","title":{"rendered":"Hieren a custodios que investigaban sobre un tr\u00e1iler robado"},"content":{"rendered":"\n<p>El ataque ocurri\u00f3 en la colonia San Francisco Bojay, donde uno de los guardias result\u00f3 herido de un balazo en la ingle y el otro sufri\u00f3 un impacto de arma de fuego en el empeine de un pie<\/p>\n\n\n\n<p>Una odisea para el olvido fue la que vivieron dos custodios de una empresa de seguridad privada, luego de que acudieron al municipio de Tula de Allende, a bordo de un veh\u00edculo marca Nissan Versa, color blanco&nbsp; para verificar lo de un tr\u00e1iler robado, cuya geolocalizaci\u00f3n indicaba que se encontraba en un corral\u00f3n, ya que repentinamente fueron interceptados por hombres armados, quienes les impactaron con un veh\u00edculo y les tiraron varios balazos, logrando herir a uno en la ingle y al otro en un pie.<\/p>\n\n\n\n<p>Se sabe que al ataque tuvo lugar, cuando los oficiales de seguridad privada circulaban sobre la carretera Tula-Tepetitl\u00e1n, a la altura de la localidad de San Francisco Bojay.<\/p>\n\n\n\n<p>Fue al filo de las 11:00 horas, cuando vecinos reportaron al 911 de Emergencias que se escucharon varios disparos de arma de fuego y que al parecer hab\u00eda dos personas lesionadas.<\/p>\n\n\n\n<p>V\u00eda radio la alerta se hizo extensiva a las corporaciones policiales, as\u00ed como a socorristas y param\u00e9dicos, para que tomar\u00e1n conocimiento y brindar\u00e1n ayuda a los afectados respectivamente.<\/p>\n\n\n\n<p>En el lugar elementos de la Polic\u00eda Municipal, dieron a conocer la veracidad del aviso y corroboraron que fue en la colonia San Francisco Bojay, donde se localizaron a las dos personas lesionadas por impactos de arma de fuego.<\/p>\n\n\n\n<p>Durante a entrevista con los guardianes de la ley, los dos afectados indicaron que responden a los nombres de Juan Carlos E.S., de 23 a\u00f1os de edad, con domicilio en la calle Prolongaci\u00f3n Zacatengo de la colonia San Agust\u00edn de la Ciudad de M\u00e9xico.&nbsp;<\/p>\n\n\n\n<p>As\u00ed mismo, se detall\u00f3 que el individuo que portaba chamarra con franjas de colores y pantal\u00f3n de mezclilla color azul, se encontr\u00f3 lesionado por un proyectil de arma de fuego en una pierna a la altura de la ingle.<\/p>\n\n\n\n<p>La segunda persona lesionada se identific\u00f3 con el nombre de Mart\u00edn V.S., de 30 a\u00f1os de edad, el cual viste con un su\u00e9ter a cuadros color caf\u00e9 y pantal\u00f3n de mezclilla color azul, quien result\u00f3 con una lesi\u00f3n en el empeine del pie izquierdo.<\/p>\n\n\n\n<p>Durante su declaraci\u00f3n inicial los afectados indicaron a los efectivos polic\u00edacos que viajaban a bordo de un veh\u00edculo Versa, color blanco, pero fueron impactados por otro veh\u00edculo causando severos da\u00f1os materiales a la unidad y repentinamente dos individuos los amagaron con armas de fuego y les dispararon, para dejarlos lesionados.<\/p>\n\n\n\n<p>Toc\u00f3 a socorristas que viajaban a bordo de una ambulancia de la Cruz Roja, brindarles las primeras atenciones, pero por el estado que presentaron, fueron trasladados e ingresados al hospital Regional Tula-Tepeji, para recibir una mejor atenci\u00f3n m\u00e9dica.<\/p>\n","protected":false},"excerpt":{"rendered":"<p>El ataque ocurri\u00f3 en la colonia San Francisco Bojay, donde uno de los guardias result\u00f3 herido de un balazo en la ingle y el otro sufri\u00f3 un impacto de arma de fuego en el empeine de un pie Una odisea para el olvido fue la que vivieron dos custodios de una empresa de seguridad privada, [&hellip;]<\/p>\n","protected":false},"author":93,"featured_media":292111,"comment_status":"closed","ping_status":"closed","sticky":false,"template":"","format":"standard","meta":{"footnotes":""},"categories":[37],"tags":[],"class_list":["post-292110","post","type-post","status-publish","format-standard","has-post-thumbnail","hentry","category-barandilla"],"_links":{"self":[{"href":"https:\/\/plazajuarez.mx\/historico\/wp-json\/wp\/v2\/posts\/292110","targetHints":{"allow":["GET"]}}],"collection":[{"href":"https:\/\/plazajuarez.mx\/historico\/wp-json\/wp\/v2\/posts"}],"about":[{"href":"https:\/\/plazajuarez.mx\/historico\/wp-json\/wp\/v2\/types\/post"}],"author":[{"embeddable":true,"href":"https:\/\/plazajuarez.mx\/historico\/wp-json\/wp\/v2\/users\/93"}],"replies":[{"embeddable":true,"href":"https:\/\/plazajuarez.mx\/historico\/wp-json\/wp\/v2\/comments?post=292110"}],"version-history":[{"count":0,"href":"https:\/\/plazajuarez.mx\/historico\/wp-json\/wp\/v2\/posts\/292110\/revisions"}],"wp:featuredmedia":[{"embeddable":true,"href":"https:\/\/plazajuarez.mx\/historico\/wp-json\/wp\/v2\/media\/292111"}],"wp:attachment":[{"href":"https:\/\/plazajuarez.mx\/historico\/wp-json\/wp\/v2\/media?parent=292110"}],"wp:term":[{"taxonomy":"category","embeddable":true,"href":"https:\/\/plazajuarez.mx\/historico\/wp-json\/wp\/v2\/categories?post=292110"},{"taxonomy":"post_tag","embeddable":true,"href":"https:\/\/plazajuarez.mx\/historico\/wp-json\/wp\/v2\/tags?post=292110"}],"curies":[{"name":"wp","href":"https:\/\/api.w.org\/{rel}","templated":true}]}}