{"id":292039,"date":"2023-12-14T02:37:00","date_gmt":"2023-12-14T08:37:00","guid":{"rendered":"https:\/\/plazajuarez.mx\/?p=292039"},"modified":"2023-12-14T02:40:08","modified_gmt":"2023-12-14T08:40:08","slug":"reconocen-aumento-de","status":"publish","type":"post","link":"https:\/\/plazajuarez.mx\/historico\/reconocen-aumento-de\/","title":{"rendered":"Reconocen aumento de\u00a031% en cruces irregulares"},"content":{"rendered":"\n<p>El presidente de M\u00e9xico, Andr\u00e9s Manuel L\u00f3pez Obrador, reconoci\u00f3 este mi\u00e9rcoles un aumento de 31% en los cruces irregulares de migrantes en la frontera con Estados Unidos entre el uno y el siete de diciembre pasados en comparaci\u00f3n con el mismo periodo de noviembre.<\/p>\n\n\n\n<p>Durante su conferencia de prensa matutina, el gobernante mexicano mostr\u00f3 los datos, con base en la cifras de la Patrulla Fronteriza de Estados Unidos, en donde se pudo observar que en la primera semana de noviembre el n\u00famero de cruces fue de 53 mil 016; mientras que en la primera de diciembre, llegaron a 69 mil 462.<\/p>\n\n\n\n<p>De acuerdo con los datos, la mayor\u00eda de los cruces diarios en diciembre han ocurrido en Tucson, Arizona (19 mil 935); Del R\u00edo, Texas (15 mil 702) y San Diego, California (12 mil 062).<\/p>\n\n\n\n<p>En tanto, los encuentros irregulares de menores no acompa\u00f1ados aumentaron 11% entre octubre y noviembre de este a\u00f1o, al pasar de 11 mil 522 a 12 mil 806 de manera respectiva.<\/p>\n\n\n\n<p>Mientras que las detenciones de unidades familiares disminuyeron 2% entre octubre (106 mil 290) y noviembre (104 mil 227).<\/p>\n\n\n\n<p>No obstante, el mandatario asegur\u00f3 que est\u00e1 bajando el n\u00famero de migrantes en la frontera y expres\u00f3 su esperanza de que \u201cpronto\u201d se normalice esta situaci\u00f3n.<\/p>\n\n\n\n<p>Esto, luego de que el pasado 27 de noviembre las autoridades estadounidenses cerraran el paso a personas y veh\u00edculos mexicanos en la frontera que une a Piedras Negras, Coahuila, con Eagle Pass, Texas; mientras que el cuatro de diciembre hicieron lo mismo en el paso entre Sonoyta, Sonora y Lukeville, Arizona y el nueve de este mes el de El Chaparral, en Tijuana, Baja California con San Ysidro, California.<\/p>\n","protected":false},"excerpt":{"rendered":"<p>El presidente de M\u00e9xico, Andr\u00e9s Manuel L\u00f3pez Obrador, reconoci\u00f3 este mi\u00e9rcoles un aumento de 31% en los cruces irregulares de migrantes en la frontera con Estados Unidos entre el uno y el siete de diciembre pasados en comparaci\u00f3n con el mismo periodo de noviembre. Durante su conferencia de prensa matutina, el gobernante mexicano mostr\u00f3 los [&hellip;]<\/p>\n","protected":false},"author":80,"featured_media":292040,"comment_status":"closed","ping_status":"closed","sticky":false,"template":"","format":"standard","meta":{"footnotes":""},"categories":[36],"tags":[],"class_list":["post-292039","post","type-post","status-publish","format-standard","has-post-thumbnail","hentry","category-nacion"],"_links":{"self":[{"href":"https:\/\/plazajuarez.mx\/historico\/wp-json\/wp\/v2\/posts\/292039","targetHints":{"allow":["GET"]}}],"collection":[{"href":"https:\/\/plazajuarez.mx\/historico\/wp-json\/wp\/v2\/posts"}],"about":[{"href":"https:\/\/plazajuarez.mx\/historico\/wp-json\/wp\/v2\/types\/post"}],"author":[{"embeddable":true,"href":"https:\/\/plazajuarez.mx\/historico\/wp-json\/wp\/v2\/users\/80"}],"replies":[{"embeddable":true,"href":"https:\/\/plazajuarez.mx\/historico\/wp-json\/wp\/v2\/comments?post=292039"}],"version-history":[{"count":0,"href":"https:\/\/plazajuarez.mx\/historico\/wp-json\/wp\/v2\/posts\/292039\/revisions"}],"wp:featuredmedia":[{"embeddable":true,"href":"https:\/\/plazajuarez.mx\/historico\/wp-json\/wp\/v2\/media\/292040"}],"wp:attachment":[{"href":"https:\/\/plazajuarez.mx\/historico\/wp-json\/wp\/v2\/media?parent=292039"}],"wp:term":[{"taxonomy":"category","embeddable":true,"href":"https:\/\/plazajuarez.mx\/historico\/wp-json\/wp\/v2\/categories?post=292039"},{"taxonomy":"post_tag","embeddable":true,"href":"https:\/\/plazajuarez.mx\/historico\/wp-json\/wp\/v2\/tags?post=292039"}],"curies":[{"name":"wp","href":"https:\/\/api.w.org\/{rel}","templated":true}]}}