{"id":292030,"date":"2023-12-14T02:24:03","date_gmt":"2023-12-14T08:24:03","guid":{"rendered":"https:\/\/plazajuarez.mx\/?p=292030"},"modified":"2023-12-14T02:24:04","modified_gmt":"2023-12-14T08:24:04","slug":"el-celtic-le-da-la-estocada-final-al-feyenoord-de-santiago-gimenez","status":"publish","type":"post","link":"https:\/\/plazajuarez.mx\/historico\/el-celtic-le-da-la-estocada-final-al-feyenoord-de-santiago-gimenez\/","title":{"rendered":"El Celtic le da la estocada final al Feyenoord de Santiago Gim\u00e9nez"},"content":{"rendered":"\n<p>El Celtic, con tantos del hondure\u00f1o Luis Palma y de Gustaf Lagerbielke, gan\u00f3 2-1 al Feyenoord y sum\u00f3 su primera y \u00fanica victoria en una err\u00e1tica fase de grupos de la Liga de Campeones del conjunto escoc\u00e9s.<\/p>\n\n\n\n<p>Ambos fueron los hombres m\u00e1s insistentes del partido, sobre todo Luis Palma, que con su acierto destap\u00f3 su gran temporada. Alcanz\u00f3 los nueve tantos en su puesta en escena en las filas del conjunto escoc\u00e9s (dos los marc\u00f3 con la camiseta del Aris Sal\u00f3nica griego antes de ser traspasado con el curso ya iniciado) y camina con paso firme en su aventura con el Celtic.<\/p>\n\n\n\n<p>Su estreno en la m\u00e1xima competici\u00f3n continental con la diana al Atl\u00e9tico de Madrid tuvo su prolongaci\u00f3n en la \u00faltima jornada frente al Feyenoord. Dio esperanzas a su equipo de lograr su primera victoria, que lleg\u00f3 tarde cuando ya estaba todo perdido.<\/p>\n","protected":false},"excerpt":{"rendered":"<p>El Celtic, con tantos del hondure\u00f1o Luis Palma y de Gustaf Lagerbielke, gan\u00f3 2-1 al Feyenoord y sum\u00f3 su primera y \u00fanica victoria en una err\u00e1tica fase de grupos de la Liga de Campeones del conjunto escoc\u00e9s. Ambos fueron los hombres m\u00e1s insistentes del partido, sobre todo Luis Palma, que con su acierto destap\u00f3 su [&hellip;]<\/p>\n","protected":false},"author":80,"featured_media":292031,"comment_status":"closed","ping_status":"closed","sticky":false,"template":"","format":"standard","meta":{"footnotes":""},"categories":[39],"tags":[],"class_list":["post-292030","post","type-post","status-publish","format-standard","has-post-thumbnail","hentry","category-deportiva"],"_links":{"self":[{"href":"https:\/\/plazajuarez.mx\/historico\/wp-json\/wp\/v2\/posts\/292030","targetHints":{"allow":["GET"]}}],"collection":[{"href":"https:\/\/plazajuarez.mx\/historico\/wp-json\/wp\/v2\/posts"}],"about":[{"href":"https:\/\/plazajuarez.mx\/historico\/wp-json\/wp\/v2\/types\/post"}],"author":[{"embeddable":true,"href":"https:\/\/plazajuarez.mx\/historico\/wp-json\/wp\/v2\/users\/80"}],"replies":[{"embeddable":true,"href":"https:\/\/plazajuarez.mx\/historico\/wp-json\/wp\/v2\/comments?post=292030"}],"version-history":[{"count":0,"href":"https:\/\/plazajuarez.mx\/historico\/wp-json\/wp\/v2\/posts\/292030\/revisions"}],"wp:featuredmedia":[{"embeddable":true,"href":"https:\/\/plazajuarez.mx\/historico\/wp-json\/wp\/v2\/media\/292031"}],"wp:attachment":[{"href":"https:\/\/plazajuarez.mx\/historico\/wp-json\/wp\/v2\/media?parent=292030"}],"wp:term":[{"taxonomy":"category","embeddable":true,"href":"https:\/\/plazajuarez.mx\/historico\/wp-json\/wp\/v2\/categories?post=292030"},{"taxonomy":"post_tag","embeddable":true,"href":"https:\/\/plazajuarez.mx\/historico\/wp-json\/wp\/v2\/tags?post=292030"}],"curies":[{"name":"wp","href":"https:\/\/api.w.org\/{rel}","templated":true}]}}