{"id":292024,"date":"2023-12-14T02:09:24","date_gmt":"2023-12-14T08:09:24","guid":{"rendered":"https:\/\/plazajuarez.mx\/?p=292024"},"modified":"2023-12-14T02:09:27","modified_gmt":"2023-12-14T08:09:27","slug":"perdidos-en-la-noche","status":"publish","type":"post","link":"https:\/\/plazajuarez.mx\/historico\/perdidos-en-la-noche\/","title":{"rendered":"Perdidos en la noche"},"content":{"rendered":"\n<h2 class=\"wp-block-heading\">CINE DE MA\u00d1ANA<\/h2>\n\n\n\n<p>En esta ocasi\u00f3n vamos a hablar de \u201cPerdidos en la noche\u201d de Amat Escalante; el guion del propio realizador, Martin Escalante y Paulina Mendoza resume las inquietudes sociales del director\u00a0<\/p>\n\n\n\n<p>El director Amat Escalante ha sido reconocido internacionalmente por sus crudos relatos sobre la migraci\u00f3n (\u201cLos bastardos\u201d), el narcotr\u00e1fico (\u201cHeli\u201d) o su visi\u00f3n fant\u00e1stica (\u201cLa regi\u00f3n salvaje\u201d).<\/p>\n\n\n\n<p>Por eso ten\u00edamos inter\u00e9s por ver \u201cPerdidos en la noche\u201d, su m\u00e1s reciente filme a cuya premier nos invitaron las buenas amigas de Calouma.<\/p>\n\n\n\n<p>El gui\u00f3n del propio realizador, Martin Escalante y Paulina Mendoza resume las inquietudes sociales del director.<\/p>\n\n\n\n<p>El joven Emiliano (un espl\u00e9ndido Juan Daniel Garc\u00eda Trevi\u00f1o) ha quedado marcado por la desaparici\u00f3n de su madre (Vicky Araico), una maestra activista que se opon\u00eda a la explotaci\u00f3n de una mina, que supuestamente les iba a dar trabajo a todos, pero que en cambio provoca graves problemas ecol\u00f3gicos y de salud.<\/p>\n\n\n\n<p>Emiliano se entera que los restos de su madre podr\u00edan estar enterrados en la propiedad del artista pl\u00e1stico Rigoberto Duplas (Fernando Bonilla) y de su esposa, la actriz Carmen Aldama (B\u00e1rbara Mori), que son hostigados por la comunidad religiosa de la zona, por lo que entra a trabajar en ese lugar y gracias a M\u00f3nica (Ester Esp\u00f3sito), la hija de Carmen, descubrir\u00e1 la verdad.<\/p>\n\n\n\n<p>Escalante no puede ocultar su desprecio por esos pretendidos artistas clasistas y explotadores, por las corruptas autoridades, por los fan\u00e1ticos religiosos y por las banales redes sociales.<\/p>\n\n\n\n<p>Garc\u00eda repite sus mejores actuaciones como en \u201cYa no estoy aqu\u00ed\u201d y \u201cLa civil\u201d.<\/p>\n\n\n\n<p>\u201cPerdidos en la noche\u201d resulta pues, un filme recomendable, pese a su crudeza y su tem\u00e1tica.&nbsp;<\/p>\n","protected":false},"excerpt":{"rendered":"<p>CINE DE MA\u00d1ANA En esta ocasi\u00f3n vamos a hablar de \u201cPerdidos en la noche\u201d de Amat Escalante; el guion del propio realizador, Martin Escalante y Paulina Mendoza resume las inquietudes sociales del director\u00a0 El director Amat Escalante ha sido reconocido internacionalmente por sus crudos relatos sobre la migraci\u00f3n (\u201cLos bastardos\u201d), el narcotr\u00e1fico (\u201cHeli\u201d) o su [&hellip;]<\/p>\n","protected":false},"author":96,"featured_media":274987,"comment_status":"closed","ping_status":"closed","sticky":false,"template":"","format":"standard","meta":{"footnotes":""},"categories":[41,54,42],"tags":[],"class_list":["post-292024","post","type-post","status-publish","format-standard","has-post-thumbnail","hentry","category-arteria-cultural","category-jorge-carrasco","category-nuestrapalabra"],"_links":{"self":[{"href":"https:\/\/plazajuarez.mx\/historico\/wp-json\/wp\/v2\/posts\/292024","targetHints":{"allow":["GET"]}}],"collection":[{"href":"https:\/\/plazajuarez.mx\/historico\/wp-json\/wp\/v2\/posts"}],"about":[{"href":"https:\/\/plazajuarez.mx\/historico\/wp-json\/wp\/v2\/types\/post"}],"author":[{"embeddable":true,"href":"https:\/\/plazajuarez.mx\/historico\/wp-json\/wp\/v2\/users\/96"}],"replies":[{"embeddable":true,"href":"https:\/\/plazajuarez.mx\/historico\/wp-json\/wp\/v2\/comments?post=292024"}],"version-history":[{"count":0,"href":"https:\/\/plazajuarez.mx\/historico\/wp-json\/wp\/v2\/posts\/292024\/revisions"}],"wp:featuredmedia":[{"embeddable":true,"href":"https:\/\/plazajuarez.mx\/historico\/wp-json\/wp\/v2\/media\/274987"}],"wp:attachment":[{"href":"https:\/\/plazajuarez.mx\/historico\/wp-json\/wp\/v2\/media?parent=292024"}],"wp:term":[{"taxonomy":"category","embeddable":true,"href":"https:\/\/plazajuarez.mx\/historico\/wp-json\/wp\/v2\/categories?post=292024"},{"taxonomy":"post_tag","embeddable":true,"href":"https:\/\/plazajuarez.mx\/historico\/wp-json\/wp\/v2\/tags?post=292024"}],"curies":[{"name":"wp","href":"https:\/\/api.w.org\/{rel}","templated":true}]}}