{"id":291989,"date":"2023-12-13T11:54:17","date_gmt":"2023-12-13T17:54:17","guid":{"rendered":"https:\/\/plazajuarez.mx\/?p=291989"},"modified":"2023-12-13T11:54:19","modified_gmt":"2023-12-13T17:54:19","slug":"aparece-un-hombre-decapitado-en-la-mexico-tuxpan-a-la-altura-de-tulancingo","status":"publish","type":"post","link":"https:\/\/plazajuarez.mx\/historico\/aparece-un-hombre-decapitado-en-la-mexico-tuxpan-a-la-altura-de-tulancingo\/","title":{"rendered":"Aparece un hombre decapitado en la M\u00e9xico-Tuxpan a la altura de Tulancingo"},"content":{"rendered":"\n<p>La ma\u00f1ana de este mi\u00e9rcoles, al filo de las 07:00 horas, se report\u00f3 al 911 de Emergencias sobre la aparici\u00f3n de un cuerpo de una persona del g\u00e9nero masculino, el cual se encontr\u00f3 decapitado a un costado de la Carretera Federal M\u00e9xico-Tuxpan, en inmediaciones del municipio de Tulancingo. Esto gener\u00f3 la inmediata movilizaci\u00f3n de elementos polic\u00edacos de la regi\u00f3n.<\/p>\n\n\n\n<p>De acuerdo con las primeras versiones que se dieron en el lugar de los hechos, el cuerpo y la cabeza quedaron tirados a una distancia aproximada de seis metros.<\/p>\n\n\n\n<p>El macabro hallazgo tuvo lugar sobre el libramiento de la autopista en menci\u00f3n, precisamente en el tramo Pitula-San Alejo, a la altura del puente de Sototl\u00e1n, perteneciente al municipio antes descrito.<\/p>\n\n\n\n<p>Asimismo, se sabe que se trata de un masculino que, en vida, habr\u00eda alcanzado una edad aproximada a los 40 a\u00f1os. Hasta el momento, se encuentra en calidad de desconocido, ya que no portaba documento alguno que revelara su identidad.<\/p>\n\n\n\n<p>En el sitio del hallazgo, se cont\u00f3 con la asistencia de elementos de la Polic\u00eda Municipal de Tulancingo, as\u00ed como de agentes de la Polic\u00eda Estatal y elementos de la Guardia Nacional, quienes tomaron conocimiento del hecho y procedieron al acordonamiento del \u00e1rea donde se localiz\u00f3 al infortunado sin vida.<\/p>\n\n\n\n<p>Por la muerte del individuo, fue necesario solicitar la intervenci\u00f3n de la Procuradur\u00eda General de Justicia del estado de Hidalgo. Su personal dio fe de lo acontecido, realiz\u00f3 el levantamiento del cuerpo y la cabeza para su traslado al Servicio M\u00e9dico Forense, para el inicio de la Carpeta de Investigaci\u00f3n, donde se describieron los pormenores del hallazgo.<\/p>\n","protected":false},"excerpt":{"rendered":"<p>La ma\u00f1ana de este mi\u00e9rcoles, al filo de las 07:00 horas, se report\u00f3 al 911 de Emergencias sobre la aparici\u00f3n de un cuerpo de una persona del g\u00e9nero masculino, el cual se encontr\u00f3 decapitado a un costado de la Carretera Federal M\u00e9xico-Tuxpan, en inmediaciones del municipio de Tulancingo. Esto gener\u00f3 la inmediata movilizaci\u00f3n de elementos [&hellip;]<\/p>\n","protected":false},"author":93,"featured_media":291990,"comment_status":"closed","ping_status":"closed","sticky":false,"template":"","format":"standard","meta":{"footnotes":""},"categories":[37,15],"tags":[],"class_list":["post-291989","post","type-post","status-publish","format-standard","has-post-thumbnail","hentry","category-barandilla","category-destacadas"],"_links":{"self":[{"href":"https:\/\/plazajuarez.mx\/historico\/wp-json\/wp\/v2\/posts\/291989","targetHints":{"allow":["GET"]}}],"collection":[{"href":"https:\/\/plazajuarez.mx\/historico\/wp-json\/wp\/v2\/posts"}],"about":[{"href":"https:\/\/plazajuarez.mx\/historico\/wp-json\/wp\/v2\/types\/post"}],"author":[{"embeddable":true,"href":"https:\/\/plazajuarez.mx\/historico\/wp-json\/wp\/v2\/users\/93"}],"replies":[{"embeddable":true,"href":"https:\/\/plazajuarez.mx\/historico\/wp-json\/wp\/v2\/comments?post=291989"}],"version-history":[{"count":0,"href":"https:\/\/plazajuarez.mx\/historico\/wp-json\/wp\/v2\/posts\/291989\/revisions"}],"wp:featuredmedia":[{"embeddable":true,"href":"https:\/\/plazajuarez.mx\/historico\/wp-json\/wp\/v2\/media\/291990"}],"wp:attachment":[{"href":"https:\/\/plazajuarez.mx\/historico\/wp-json\/wp\/v2\/media?parent=291989"}],"wp:term":[{"taxonomy":"category","embeddable":true,"href":"https:\/\/plazajuarez.mx\/historico\/wp-json\/wp\/v2\/categories?post=291989"},{"taxonomy":"post_tag","embeddable":true,"href":"https:\/\/plazajuarez.mx\/historico\/wp-json\/wp\/v2\/tags?post=291989"}],"curies":[{"name":"wp","href":"https:\/\/api.w.org\/{rel}","templated":true}]}}