{"id":291922,"date":"2023-12-13T05:47:57","date_gmt":"2023-12-13T11:47:57","guid":{"rendered":"https:\/\/plazajuarez.mx\/?p=291922"},"modified":"2023-12-13T05:47:59","modified_gmt":"2023-12-13T11:47:59","slug":"atraparon-al-ex-presidente-municipal-de-san-salvador-por-delito-contra-la-administracion-publica","status":"publish","type":"post","link":"https:\/\/plazajuarez.mx\/historico\/atraparon-al-ex-presidente-municipal-de-san-salvador-por-delito-contra-la-administracion-publica\/","title":{"rendered":"Atraparon al ex presidente Municipal de San Salvador por delito contra la administraci\u00f3n p\u00fablica"},"content":{"rendered":"\n<p>La ma\u00f1ana de este martes al filo de las 10:20 horas, trascendi\u00f3 de manera extraoficial que elementos de la Polic\u00eda de Investigaci\u00f3n Criminal, con el desarrollo de labores de vigilancia e inteligencia, dieron cumplimiento a una orden de aprehensi\u00f3n, que fue emitida en contra del ex presidente municipal de San Salvador, Ismael Mart\u00ednez Cruz, por estar involucrado en la comisi\u00f3n de delitos presuntamente cometidos en agravio de la administraci\u00f3n p\u00fablica.<\/p>\n\n\n\n<p>De ello, la vocer\u00eda de la Procuradur\u00eda General de Justicia del Estado de Hidalgo (PGJEH), ratific\u00f3 que se hizo efectiva la captura de Ismael M.C., quien luego de ser asegurado fue trasladado e ingresado al Centro de Reinserci\u00f3n Social de Pachuca, donde inicialmente tendr\u00e1 que enfrentar el proceso penal correspondiente.<\/p>\n\n\n\n<p>Al momento de su detenci\u00f3n, el imputado que fungi\u00f3 como alcalde de San Salvador del a\u00f1o 2012 al 2015, vest\u00eda con un pantal\u00f3n de pana en color azul, una chamarra color verde, as\u00ed como calzado tipo botines, por lo que de manera inmediata fue puesto a disposici\u00f3n de la agencia del Ministerio P\u00fablico del fuero com\u00fan, para las actuaciones en consecuencia.<\/p>\n\n\n\n<p>Se sabe, que la captura de Ismael tuvo lugar la ma\u00f1ana de ayer, en la Avenida Ju\u00e1rez, n\u00famero 2, de la colonia El Bondho, perteneciente al municipio de San Salvador.<\/p>\n\n\n\n<p>Se espera que durante las pr\u00f3ximas horas el agente del Ministerio P\u00fablico que conoce del caso, solicite al juzgado penal, que se designe la hora y fecha para llevar a cabo la audiencia inicial, donde el detenido ser\u00e1 imputado y se presentar\u00e1n los datos de prueba para tratar de lograr su vinculaci\u00f3n a proceso.<\/p>\n","protected":false},"excerpt":{"rendered":"<p>La ma\u00f1ana de este martes al filo de las 10:20 horas, trascendi\u00f3 de manera extraoficial que elementos de la Polic\u00eda de Investigaci\u00f3n Criminal, con el desarrollo de labores de vigilancia e inteligencia, dieron cumplimiento a una orden de aprehensi\u00f3n, que fue emitida en contra del ex presidente municipal de San Salvador, Ismael Mart\u00ednez Cruz, por [&hellip;]<\/p>\n","protected":false},"author":93,"featured_media":291923,"comment_status":"closed","ping_status":"closed","sticky":false,"template":"","format":"standard","meta":{"footnotes":""},"categories":[37,15],"tags":[],"class_list":["post-291922","post","type-post","status-publish","format-standard","has-post-thumbnail","hentry","category-barandilla","category-destacadas"],"_links":{"self":[{"href":"https:\/\/plazajuarez.mx\/historico\/wp-json\/wp\/v2\/posts\/291922","targetHints":{"allow":["GET"]}}],"collection":[{"href":"https:\/\/plazajuarez.mx\/historico\/wp-json\/wp\/v2\/posts"}],"about":[{"href":"https:\/\/plazajuarez.mx\/historico\/wp-json\/wp\/v2\/types\/post"}],"author":[{"embeddable":true,"href":"https:\/\/plazajuarez.mx\/historico\/wp-json\/wp\/v2\/users\/93"}],"replies":[{"embeddable":true,"href":"https:\/\/plazajuarez.mx\/historico\/wp-json\/wp\/v2\/comments?post=291922"}],"version-history":[{"count":0,"href":"https:\/\/plazajuarez.mx\/historico\/wp-json\/wp\/v2\/posts\/291922\/revisions"}],"wp:featuredmedia":[{"embeddable":true,"href":"https:\/\/plazajuarez.mx\/historico\/wp-json\/wp\/v2\/media\/291923"}],"wp:attachment":[{"href":"https:\/\/plazajuarez.mx\/historico\/wp-json\/wp\/v2\/media?parent=291922"}],"wp:term":[{"taxonomy":"category","embeddable":true,"href":"https:\/\/plazajuarez.mx\/historico\/wp-json\/wp\/v2\/categories?post=291922"},{"taxonomy":"post_tag","embeddable":true,"href":"https:\/\/plazajuarez.mx\/historico\/wp-json\/wp\/v2\/tags?post=291922"}],"curies":[{"name":"wp","href":"https:\/\/api.w.org\/{rel}","templated":true}]}}