{"id":291818,"date":"2023-12-12T03:18:51","date_gmt":"2023-12-12T09:18:51","guid":{"rendered":"https:\/\/plazajuarez.mx\/?p=291818"},"modified":"2023-12-12T03:18:55","modified_gmt":"2023-12-12T09:18:55","slug":"el-real-madrid-se-entrena-bajo-la-lluvia-en-el-majestuoso-olimpico-de-berlin","status":"publish","type":"post","link":"https:\/\/plazajuarez.mx\/historico\/el-real-madrid-se-entrena-bajo-la-lluvia-en-el-majestuoso-olimpico-de-berlin\/","title":{"rendered":"El Real Madrid se entrena bajo la lluvia en el majestuoso Ol\u00edmpico de Berl\u00edn\u00a0"},"content":{"rendered":"\n<p>&nbsp;El Real Madrid cerr\u00f3 la preparaci\u00f3n de su \u00faltimo partido de la fase de grupos en el Ol\u00edmpico de Berl\u00edn, con fr\u00edo, ocho grados y lluvia, bajo la que Carlo Ancelotti sac\u00f3 conclusiones para tomar decisiones sobre los jugadores a los que concede descanso.<\/p>\n\n\n\n<p>Ancelotti valora el desgaste que acumulan varios de sus titulares tras un suave entrenamiento en Alemania para decidir los cambios que introduce en el once que se enfrentar\u00e1 este martes al Union Berl\u00edn.<\/p>\n\n\n\n<p>Lo asegur\u00f3 antes de la sesi\u00f3n en su comparecencia ante los medios de comunicaci\u00f3n, cuando no descart\u00f3 incluso repetir el equipo que empat\u00f3 en Sevilla en LaLiga ante el Real Betis.<\/p>\n\n\n\n<p>Todo apunta al descanso de alg\u00fan jugador como Antonio R\u00fcdiger en defensa o Jude Bellingham en ataque, aunque en el entrenamiento se les vio bromistas disfrutando de la sesi\u00f3n con los compa\u00f1eros.<\/p>\n","protected":false},"excerpt":{"rendered":"<p>&nbsp;El Real Madrid cerr\u00f3 la preparaci\u00f3n de su \u00faltimo partido de la fase de grupos en el Ol\u00edmpico de Berl\u00edn, con fr\u00edo, ocho grados y lluvia, bajo la que Carlo Ancelotti sac\u00f3 conclusiones para tomar decisiones sobre los jugadores a los que concede descanso. Ancelotti valora el desgaste que acumulan varios de sus titulares tras [&hellip;]<\/p>\n","protected":false},"author":80,"featured_media":291819,"comment_status":"closed","ping_status":"closed","sticky":false,"template":"","format":"standard","meta":{"footnotes":""},"categories":[39],"tags":[],"class_list":["post-291818","post","type-post","status-publish","format-standard","has-post-thumbnail","hentry","category-deportiva"],"_links":{"self":[{"href":"https:\/\/plazajuarez.mx\/historico\/wp-json\/wp\/v2\/posts\/291818","targetHints":{"allow":["GET"]}}],"collection":[{"href":"https:\/\/plazajuarez.mx\/historico\/wp-json\/wp\/v2\/posts"}],"about":[{"href":"https:\/\/plazajuarez.mx\/historico\/wp-json\/wp\/v2\/types\/post"}],"author":[{"embeddable":true,"href":"https:\/\/plazajuarez.mx\/historico\/wp-json\/wp\/v2\/users\/80"}],"replies":[{"embeddable":true,"href":"https:\/\/plazajuarez.mx\/historico\/wp-json\/wp\/v2\/comments?post=291818"}],"version-history":[{"count":0,"href":"https:\/\/plazajuarez.mx\/historico\/wp-json\/wp\/v2\/posts\/291818\/revisions"}],"wp:featuredmedia":[{"embeddable":true,"href":"https:\/\/plazajuarez.mx\/historico\/wp-json\/wp\/v2\/media\/291819"}],"wp:attachment":[{"href":"https:\/\/plazajuarez.mx\/historico\/wp-json\/wp\/v2\/media?parent=291818"}],"wp:term":[{"taxonomy":"category","embeddable":true,"href":"https:\/\/plazajuarez.mx\/historico\/wp-json\/wp\/v2\/categories?post=291818"},{"taxonomy":"post_tag","embeddable":true,"href":"https:\/\/plazajuarez.mx\/historico\/wp-json\/wp\/v2\/tags?post=291818"}],"curies":[{"name":"wp","href":"https:\/\/api.w.org\/{rel}","templated":true}]}}