{"id":291199,"date":"2023-12-06T11:09:45","date_gmt":"2023-12-06T17:09:45","guid":{"rendered":"https:\/\/plazajuarez.mx\/?p=291199"},"modified":"2023-12-06T11:14:49","modified_gmt":"2023-12-06T17:14:49","slug":"en-vivo-comparecencia-del-ex-gobernador-fayad-ante-las-comisiones-de-relaciones-unidas-de-relaciones-exteriores-y-relaciones-exteriores-europa-del-senado-de-la-republica-para-la-eventual-aprobacio","status":"publish","type":"post","link":"https:\/\/plazajuarez.mx\/historico\/en-vivo-comparecencia-del-ex-gobernador-fayad-ante-las-comisiones-de-relaciones-unidas-de-relaciones-exteriores-y-relaciones-exteriores-europa-del-senado-de-la-republica-para-la-eventual-aprobacio\/","title":{"rendered":"EN VIVO | COMPARECENCIA DEL EX GOBERNADOR FAYAD, ANTE LAS COMISIONES DE RELACIONES UNIDAS DE RELACIONES EXTERIORES Y RELACIONES EXTERIORES EUROPA DEL SENADO DE LA REP\u00daBLICA, PARA LA EVENTUAL APROBACI\u00d3N DE SU DESIGNACI\u00d3N COMO EMBAJADOR DE M\u00c9XICO ANTE EL REINO DE NORUEGA"},"content":{"rendered":"\n<iframe loading=\"lazy\" title=\"Reuni\u00f3n de las comisiones de Relaciones Exteriores y de Europa, del 6 de diciembre de 2023\" width=\"696\" height=\"392\" src=\"https:\/\/www.youtube.com\/embed\/pgd84kCyk1I?feature=oembed\" frameborder=\"0\" allow=\"accelerometer; autoplay; clipboard-write; encrypted-media; gyroscope; picture-in-picture; web-share\" referrerpolicy=\"strict-origin-when-cross-origin\" allowfullscreen><\/iframe>\n","protected":false},"excerpt":{"rendered":"","protected":false},"author":93,"featured_media":291204,"comment_status":"closed","ping_status":"closed","sticky":false,"template":"","format":"standard","meta":{"footnotes":""},"categories":[15,59],"tags":[],"class_list":["post-291199","post","type-post","status-publish","format-standard","has-post-thumbnail","hentry","category-destacadas","category-general"],"_links":{"self":[{"href":"https:\/\/plazajuarez.mx\/historico\/wp-json\/wp\/v2\/posts\/291199","targetHints":{"allow":["GET"]}}],"collection":[{"href":"https:\/\/plazajuarez.mx\/historico\/wp-json\/wp\/v2\/posts"}],"about":[{"href":"https:\/\/plazajuarez.mx\/historico\/wp-json\/wp\/v2\/types\/post"}],"author":[{"embeddable":true,"href":"https:\/\/plazajuarez.mx\/historico\/wp-json\/wp\/v2\/users\/93"}],"replies":[{"embeddable":true,"href":"https:\/\/plazajuarez.mx\/historico\/wp-json\/wp\/v2\/comments?post=291199"}],"version-history":[{"count":0,"href":"https:\/\/plazajuarez.mx\/historico\/wp-json\/wp\/v2\/posts\/291199\/revisions"}],"wp:featuredmedia":[{"embeddable":true,"href":"https:\/\/plazajuarez.mx\/historico\/wp-json\/wp\/v2\/media\/291204"}],"wp:attachment":[{"href":"https:\/\/plazajuarez.mx\/historico\/wp-json\/wp\/v2\/media?parent=291199"}],"wp:term":[{"taxonomy":"category","embeddable":true,"href":"https:\/\/plazajuarez.mx\/historico\/wp-json\/wp\/v2\/categories?post=291199"},{"taxonomy":"post_tag","embeddable":true,"href":"https:\/\/plazajuarez.mx\/historico\/wp-json\/wp\/v2\/tags?post=291199"}],"curies":[{"name":"wp","href":"https:\/\/api.w.org\/{rel}","templated":true}]}}