{"id":291186,"date":"2023-12-06T06:19:10","date_gmt":"2023-12-06T12:19:10","guid":{"rendered":"https:\/\/plazajuarez.mx\/?p=291186"},"modified":"2023-12-06T06:19:41","modified_gmt":"2023-12-06T12:19:41","slug":"proteccion-civil-emite-medidas-para-una-navidad-sin-riesgos","status":"publish","type":"post","link":"https:\/\/plazajuarez.mx\/historico\/proteccion-civil-emite-medidas-para-una-navidad-sin-riesgos\/","title":{"rendered":"Protecci\u00f3n Civil emite medidas para una navidad sin riesgos"},"content":{"rendered":"\n<p class=\"wp-block-paragraph\"><strong>TULANCINGO<\/strong>.- Ante la temporada navide\u00f1a y el uso de elementos decorativos que tienen que conectarse a la corriente el\u00e9ctrica, resaltan la importancia de tomar en cuenta una serie de recomendaciones para prevenir cualquier incidente, tanto en la casa como en el trabajo.<\/p>\n\n\n\n<p class=\"wp-block-paragraph\">Jes\u00fas Garc\u00eda \u00c1vila, titular de la direcci\u00f3n de Protecci\u00f3n Civil de Tulancingo, indic\u00f3 algunos consejos, como no dejar las luces encendidas toda la noche, pues puede originar un calentamiento de los cables y en consecuencia un corto circuito, de igual manera no hay que sobrecargar los circuitos el\u00e9ctricos de las viviendas.<\/p>\n\n\n\n<p class=\"wp-block-paragraph\">Se\u00f1al\u00f3 que esto se logra evitando conectar todas las extensiones en un mismo enchufe y distribuyendo la carga adicional que se genera por el uso de luces decorativas o adornos iluminados, con accesorios el\u00e9ctricos en diferentes tomacorrientes del hogar.<\/p>\n\n\n\n<p class=\"wp-block-paragraph\">Tambi\u00e9n es importante, que todas las extensiones el\u00e9ctricas o luces navide\u00f1as incluyan peque\u00f1os fusibles de protecci\u00f3n, no hacer empalmes o uniones caseras entre las instalaciones navide\u00f1as, as\u00ed como no utilizar de manera permanente las extensiones.<\/p>\n\n\n\n<p class=\"wp-block-paragraph\">En cuanto a las luces navide\u00f1as exteriores, principalmente en puertas y ventanas, se debe verificar que resistan la lluvia o la intemperie, as\u00ed mismo, hay que tener cuidado al realizar empalmes o uniones, porque las rejas y ventanas pueden energizarse y causar una tragedia.<\/p>\n\n\n\n<p class=\"wp-block-paragraph\">Y finalmente dijo que, al salir de los hogares, es importante desconectar todas las luces navide\u00f1as, de manera preventiva.&nbsp;<\/p>\n","protected":false},"excerpt":{"rendered":"<p>TULANCINGO.- Ante la temporada navide\u00f1a y el uso de elementos decorativos que tienen que conectarse a la corriente el\u00e9ctrica, resaltan la importancia de tomar en cuenta una serie de recomendaciones para prevenir cualquier incidente, tanto en la casa como en el trabajo. Jes\u00fas Garc\u00eda \u00c1vila, titular de la direcci\u00f3n de Protecci\u00f3n Civil de Tulancingo, indic\u00f3 [&hellip;]<\/p>\n","protected":false},"author":93,"featured_media":291187,"comment_status":"closed","ping_status":"closed","sticky":false,"template":"","format":"standard","meta":{"footnotes":""},"categories":[40],"tags":[],"class_list":["post-291186","post","type-post","status-publish","format-standard","has-post-thumbnail","hentry","category-region"],"_links":{"self":[{"href":"https:\/\/plazajuarez.mx\/historico\/wp-json\/wp\/v2\/posts\/291186","targetHints":{"allow":["GET"]}}],"collection":[{"href":"https:\/\/plazajuarez.mx\/historico\/wp-json\/wp\/v2\/posts"}],"about":[{"href":"https:\/\/plazajuarez.mx\/historico\/wp-json\/wp\/v2\/types\/post"}],"author":[{"embeddable":true,"href":"https:\/\/plazajuarez.mx\/historico\/wp-json\/wp\/v2\/users\/93"}],"replies":[{"embeddable":true,"href":"https:\/\/plazajuarez.mx\/historico\/wp-json\/wp\/v2\/comments?post=291186"}],"version-history":[{"count":0,"href":"https:\/\/plazajuarez.mx\/historico\/wp-json\/wp\/v2\/posts\/291186\/revisions"}],"wp:featuredmedia":[{"embeddable":true,"href":"https:\/\/plazajuarez.mx\/historico\/wp-json\/wp\/v2\/media\/291187"}],"wp:attachment":[{"href":"https:\/\/plazajuarez.mx\/historico\/wp-json\/wp\/v2\/media?parent=291186"}],"wp:term":[{"taxonomy":"category","embeddable":true,"href":"https:\/\/plazajuarez.mx\/historico\/wp-json\/wp\/v2\/categories?post=291186"},{"taxonomy":"post_tag","embeddable":true,"href":"https:\/\/plazajuarez.mx\/historico\/wp-json\/wp\/v2\/tags?post=291186"}],"curies":[{"name":"wp","href":"https:\/\/api.w.org\/{rel}","templated":true}]}}