{"id":29106,"date":"2016-09-27T13:38:00","date_gmt":"2016-09-27T13:38:00","guid":{"rendered":"http:\/\/plazajuarez.mx\/index\/index.php\/2016\/09\/27\/lindsay-lohan-visita-hospital-para-refugiados-sirios-en-turquia\/"},"modified":"2016-09-27T13:38:00","modified_gmt":"2016-09-27T13:38:00","slug":"lindsay-lohan-visita-hospital-para-refugiados-sirios-en-turquia","status":"publish","type":"post","link":"https:\/\/plazajuarez.mx\/historico\/lindsay-lohan-visita-hospital-para-refugiados-sirios-en-turquia\/","title":{"rendered":"Lindsay Lohan visita hospital para refugiados sirios en Turqu\u00eda"},"content":{"rendered":"<p>La actriz tambi\u00e9n visit\u00f3 la casa de una familia refugiada de Alepo<\/p>\n<p>  <!--more-->  <\/p>\n<p>Lindsay Lohan visit\u00f3 a refugiados sirios en un hospital de Estambul y la casa de una familia refugiada de Alepo, seg\u00fan la agencia de noticias estatal de Turqu\u00eda.<br \/>La agencia Anadolu report\u00f3 el lunes que la actriz estadounidense de 30 a\u00f1os estuvo acompa\u00f1ada por el viceministro turco de Juventud y Deporte, Abdurrahim Boynukalin.<br \/>Boynukalin explic\u00f3 que no se le inform\u00f3 con anticipaci\u00f3n a los medios de comunicaci\u00f3n sobre la visita de Lohan para evitar crear un espect\u00e1culo y no especific\u00f3 cu\u00e1ndo ocurri\u00f3.<br \/>&#8220;Lo importante es que una estrella de Hollywood tome este asunto con seriedad y lo lleve al escenario mundial&#8221;, dijo.<br \/>Boynukalin relat\u00f3 que la actriz de pel\u00edculas como &#8220;Mean Girls&#8221; y &#8220;Freaky Friday&#8221; se mostr\u00f3 conmovida por el hospital, que solo emplea a m\u00e9dicos sirios y atiende a refugiados, y que se ofreci\u00f3 como voluntaria.<br \/>Lohan tambi\u00e9n hizo regalos a la familia de refugiados.<\/p>\n","protected":false},"excerpt":{"rendered":"<p>La actriz tambi\u00e9n visit\u00f3 la casa de una familia refugiada de Alepo<\/p>\n","protected":false},"author":93,"featured_media":0,"comment_status":"open","ping_status":"open","sticky":false,"template":"","format":"standard","meta":{"footnotes":""},"categories":[38],"tags":[],"class_list":["post-29106","post","type-post","status-publish","format-standard","hentry","category-show"],"_links":{"self":[{"href":"https:\/\/plazajuarez.mx\/historico\/wp-json\/wp\/v2\/posts\/29106","targetHints":{"allow":["GET"]}}],"collection":[{"href":"https:\/\/plazajuarez.mx\/historico\/wp-json\/wp\/v2\/posts"}],"about":[{"href":"https:\/\/plazajuarez.mx\/historico\/wp-json\/wp\/v2\/types\/post"}],"author":[{"embeddable":true,"href":"https:\/\/plazajuarez.mx\/historico\/wp-json\/wp\/v2\/users\/93"}],"replies":[{"embeddable":true,"href":"https:\/\/plazajuarez.mx\/historico\/wp-json\/wp\/v2\/comments?post=29106"}],"version-history":[{"count":0,"href":"https:\/\/plazajuarez.mx\/historico\/wp-json\/wp\/v2\/posts\/29106\/revisions"}],"wp:attachment":[{"href":"https:\/\/plazajuarez.mx\/historico\/wp-json\/wp\/v2\/media?parent=29106"}],"wp:term":[{"taxonomy":"category","embeddable":true,"href":"https:\/\/plazajuarez.mx\/historico\/wp-json\/wp\/v2\/categories?post=29106"},{"taxonomy":"post_tag","embeddable":true,"href":"https:\/\/plazajuarez.mx\/historico\/wp-json\/wp\/v2\/tags?post=29106"}],"curies":[{"name":"wp","href":"https:\/\/api.w.org\/{rel}","templated":true}]}}