{"id":29105,"date":"2016-09-27T13:37:46","date_gmt":"2016-09-27T13:37:46","guid":{"rendered":"http:\/\/plazajuarez.mx\/index\/index.php\/2016\/09\/27\/muere-el-director-herschell-gordon-lewis\/"},"modified":"2016-09-27T13:37:46","modified_gmt":"2016-09-27T13:37:46","slug":"muere-el-director-herschell-gordon-lewis","status":"publish","type":"post","link":"https:\/\/plazajuarez.mx\/historico\/muere-el-director-herschell-gordon-lewis\/","title":{"rendered":"Muere el director Herschell Gordon Lewis"},"content":{"rendered":"<p>El director estadounidense falleci\u00f3 a los 87 a\u00f1os<\/p>\n<p>  <!--more-->  <\/p>\n<p>El director estadounidense Herschell Gordon Lewis, conocido popularmente como &#8220;el padrino del cine &#8216;gore'&#8221;, falleci\u00f3 a los 87 a\u00f1os, inform\u00f3 un representante del cineasta a la revista Entertainment Weekly.<br \/>Este portavoz dijo que el realizador &#8220;falleci\u00f3 tranquilamente mientras dorm\u00eda&#8221; en la noche del domingo y asegur\u00f3 que hab\u00eda padecido insuficiencia cardiaca congestiva antes de su muerte.<br \/>Nacido el 15 de junio de 1929 en Pittsburgh (Pensilvania, EU.), Herschell Gordon Lewis fue fundamental en el nacimiento y consolidaci\u00f3n del cine &#8216;gore&#8217;, un subg\u00e9nero f\u00edlmico de terror basado en la violencia extrema, sangrienta y visceral de sus im\u00e1genes.<br \/>Su pel\u00edcula &#8220;Blood Feast&#8221; (1963) est\u00e1 considerada como una de las pioneras del cine &#8216;gore&#8217; y tuvo una secuela casi cuarenta a\u00f1os despu\u00e9s con &#8220;Blood Feast 2: All U Can Eat&#8221; (2002).<br \/>La filmograf\u00eda de Herschell Gordon Lewis incluye otros t\u00edtulos como &#8220;Two Thousand Maniacs!&#8221; (1964), &#8220;Color Me Blood Red&#8221; (1965) o &#8220;The Wizard of Gore&#8221; (1970).<br \/>&#8220;El ser humano siempre ha tenido una enorme sed de sangre&#8221;, se\u00f1al\u00f3 el director en un homenaje que recibi\u00f3 en el a\u00f1o 2000 dentro de la Semana de Cine Fant\u00e1stico y de Terror de San Sebasti\u00e1n (Espa\u00f1a).<br \/>&#8220;Creo que es un hecho consustancial a nuestra naturaleza. Somos unos &#8216;voyeurs&#8217; culturales que tenemos esa necesidad. Pero no somos comentaristas sociales, retratamos lo que est\u00e1 a nuestro alrededor&#8221;, a\u00f1adi\u00f3.<\/p>\n","protected":false},"excerpt":{"rendered":"<p>El director estadounidense falleci\u00f3 a los 87 a\u00f1os<\/p>\n","protected":false},"author":93,"featured_media":0,"comment_status":"open","ping_status":"open","sticky":false,"template":"","format":"standard","meta":{"footnotes":""},"categories":[38],"tags":[],"class_list":["post-29105","post","type-post","status-publish","format-standard","hentry","category-show"],"_links":{"self":[{"href":"https:\/\/plazajuarez.mx\/historico\/wp-json\/wp\/v2\/posts\/29105","targetHints":{"allow":["GET"]}}],"collection":[{"href":"https:\/\/plazajuarez.mx\/historico\/wp-json\/wp\/v2\/posts"}],"about":[{"href":"https:\/\/plazajuarez.mx\/historico\/wp-json\/wp\/v2\/types\/post"}],"author":[{"embeddable":true,"href":"https:\/\/plazajuarez.mx\/historico\/wp-json\/wp\/v2\/users\/93"}],"replies":[{"embeddable":true,"href":"https:\/\/plazajuarez.mx\/historico\/wp-json\/wp\/v2\/comments?post=29105"}],"version-history":[{"count":0,"href":"https:\/\/plazajuarez.mx\/historico\/wp-json\/wp\/v2\/posts\/29105\/revisions"}],"wp:attachment":[{"href":"https:\/\/plazajuarez.mx\/historico\/wp-json\/wp\/v2\/media?parent=29105"}],"wp:term":[{"taxonomy":"category","embeddable":true,"href":"https:\/\/plazajuarez.mx\/historico\/wp-json\/wp\/v2\/categories?post=29105"},{"taxonomy":"post_tag","embeddable":true,"href":"https:\/\/plazajuarez.mx\/historico\/wp-json\/wp\/v2\/tags?post=29105"}],"curies":[{"name":"wp","href":"https:\/\/api.w.org\/{rel}","templated":true}]}}