{"id":291007,"date":"2023-12-05T03:10:14","date_gmt":"2023-12-05T09:10:14","guid":{"rendered":"https:\/\/plazajuarez.mx\/?p=291007"},"modified":"2023-12-05T03:10:17","modified_gmt":"2023-12-05T09:10:17","slug":"luis-suarez-mi-sentimiento-dijo-que-tenia-que-ir-al-atletico-de-madrid","status":"publish","type":"post","link":"https:\/\/plazajuarez.mx\/historico\/luis-suarez-mi-sentimiento-dijo-que-tenia-que-ir-al-atletico-de-madrid\/","title":{"rendered":"Luis Su\u00e1rez: &#8220;Mi sentimiento dijo que ten\u00eda que ir al Atl\u00e9tico de Madrid&#8221;"},"content":{"rendered":"\n<p>El futbolista uruguayo Luis Su\u00e1rez record\u00f3 ayer su salida del Barcelona, asegur\u00f3 que un sentimiento le dijo que ten\u00eda que ir al Atl\u00e9tico de Madrid y apunt\u00f3 que ese equipo le dio la revancha de mostrar en La Liga espa\u00f1ola que todav\u00eda estaba vigente.<\/p>\n\n\n\n<p>As\u00ed lo detall\u00f3 durante una entrevista que le brind\u00f3 a la radio uruguaya Sport 890 en la que habl\u00f3 de su \u00faltimo partido en casa con el Gremio, sobre los problemas que sufre en la rodilla y sobre la selecci\u00f3n uruguaya.<\/p>\n\n\n\n<p>Su\u00e1rez relat\u00f3 que, tras no haber marcado el 30 de noviembre en el triunfo de su equipo por 2-1 frente al Goias, habl\u00f3 con su esposa y le dijo que el destino le ten\u00eda guardado un gol para este domingo.<\/p>\n\n\n\n<p>Finalmente, ese d\u00eda marc\u00f3 el tanto con el que Gremio venci\u00f3 por 1-0 al Vasco da Gama en el juego que marc\u00f3 su despedida del estadio Arena do Gremio.<\/p>\n\n\n\n<p>&#8220;Por algo a veces no se te dan algunas cosas. Ser\u00e1 porque siempre hay algo mejor. Lo tengo como experiencia de cuando me fui de Barcelona&#8221;, apunt\u00f3 Su\u00e1rez, quien a\u00f1adi\u00f3 que por algo eligi\u00f3 al Colchonero de Diego Simeone.<\/p>\n\n\n\n<p>&#8220;Mi sentimiento me dijo que ten\u00eda que ir al Atl\u00e9tico de Madrid y me dio la revancha de mostrar en La Liga que Su\u00e1rez todav\u00eda estaba vigente&#8221;, sentenci\u00f3 el goleador hist\u00f3rico de la selecci\u00f3n uruguaya.<\/p>\n\n\n\n<p>Tambi\u00e9n habl\u00f3 sobre los problemas que sufre en su rodilla, cont\u00f3 que trabaja dos horas por d\u00eda en la camilla y asegur\u00f3 que padece un desgaste en el cart\u00edlago interno, as\u00ed como tambi\u00e9n un problema que no le permite extenderla al 100%.<\/p>\n\n\n\n<p>De acuerdo con esto, puntualiz\u00f3 que toma tres pastillas cada noche antes de jugar, una el d\u00eda de los partidos y luego debe pincharse con un medicamento.<\/p>\n\n\n\n<p>Finalmente, habl\u00f3 sobre la selecci\u00f3n uruguaya, resalt\u00f3 que se fue &#8220;muy dolido&#8221; del Mundial de Qatar 2022 y que &#8220;esa espina&#8221; lo hizo querer volver a defender a la Celeste.<\/p>\n\n\n\n<p>Tras hacerlo d\u00edas atr\u00e1s en la victoria por 3-0 ante Bolivia por las eliminatorias sudamericanas del Mundial 2026, sostuvo que disfrut\u00f3 su vuelta &#8220;como un ni\u00f1o&#8221; y asegur\u00f3 que una posible partida a la MLS estadounidense no ser\u00eda un obst\u00e1culo para seguir siendo convocado.<\/p>\n\n\n\n<p>&#8220;El sabe que soy un jugador que no voy a tener la intensidad que tienen todos los j\u00f3venes de hoy en d\u00eda, pero tambi\u00e9n sabe que puedo aportar otras cosas en la parte del grupo&#8221;, concluy\u00f3.<\/p>\n","protected":false},"excerpt":{"rendered":"<p>El futbolista uruguayo Luis Su\u00e1rez record\u00f3 ayer su salida del Barcelona, asegur\u00f3 que un sentimiento le dijo que ten\u00eda que ir al Atl\u00e9tico de Madrid y apunt\u00f3 que ese equipo le dio la revancha de mostrar en La Liga espa\u00f1ola que todav\u00eda estaba vigente. As\u00ed lo detall\u00f3 durante una entrevista que le brind\u00f3 a la [&hellip;]<\/p>\n","protected":false},"author":80,"featured_media":291009,"comment_status":"closed","ping_status":"closed","sticky":false,"template":"","format":"standard","meta":{"footnotes":""},"categories":[39],"tags":[],"class_list":["post-291007","post","type-post","status-publish","format-standard","has-post-thumbnail","hentry","category-deportiva"],"_links":{"self":[{"href":"https:\/\/plazajuarez.mx\/historico\/wp-json\/wp\/v2\/posts\/291007","targetHints":{"allow":["GET"]}}],"collection":[{"href":"https:\/\/plazajuarez.mx\/historico\/wp-json\/wp\/v2\/posts"}],"about":[{"href":"https:\/\/plazajuarez.mx\/historico\/wp-json\/wp\/v2\/types\/post"}],"author":[{"embeddable":true,"href":"https:\/\/plazajuarez.mx\/historico\/wp-json\/wp\/v2\/users\/80"}],"replies":[{"embeddable":true,"href":"https:\/\/plazajuarez.mx\/historico\/wp-json\/wp\/v2\/comments?post=291007"}],"version-history":[{"count":0,"href":"https:\/\/plazajuarez.mx\/historico\/wp-json\/wp\/v2\/posts\/291007\/revisions"}],"wp:featuredmedia":[{"embeddable":true,"href":"https:\/\/plazajuarez.mx\/historico\/wp-json\/wp\/v2\/media\/291009"}],"wp:attachment":[{"href":"https:\/\/plazajuarez.mx\/historico\/wp-json\/wp\/v2\/media?parent=291007"}],"wp:term":[{"taxonomy":"category","embeddable":true,"href":"https:\/\/plazajuarez.mx\/historico\/wp-json\/wp\/v2\/categories?post=291007"},{"taxonomy":"post_tag","embeddable":true,"href":"https:\/\/plazajuarez.mx\/historico\/wp-json\/wp\/v2\/tags?post=291007"}],"curies":[{"name":"wp","href":"https:\/\/api.w.org\/{rel}","templated":true}]}}