{"id":291001,"date":"2023-12-05T03:02:20","date_gmt":"2023-12-05T09:02:20","guid":{"rendered":"https:\/\/plazajuarez.mx\/?p=291001"},"modified":"2023-12-05T03:02:23","modified_gmt":"2023-12-05T09:02:23","slug":"javier-aguirre-iguala-la-peor-racha-historica-del-mallorca-sin-ganar-en-su-estadio","status":"publish","type":"post","link":"https:\/\/plazajuarez.mx\/historico\/javier-aguirre-iguala-la-peor-racha-historica-del-mallorca-sin-ganar-en-su-estadio\/","title":{"rendered":"Javier Aguirre iguala la peor racha hist\u00f3rica del Mallorca sin ganar en su estadio"},"content":{"rendered":"\n<p>Con el empate (0-0) ante el Deportivo Alav\u00e9s, el Mallorca del t\u00e9cnico mexicano Javier Aguirre ha igualado su peor racha hist\u00f3rica, que se remonta a 40 a\u00f1os atr\u00e1s, sin celebrar una victoria como local en siete de las catorce jornadas disputadas en La Liga espa\u00f1ola.<\/p>\n\n\n\n<p>En la temporada 1983-1984 en Primera Divisi\u00f3n, los bermellones jugaban en el ya derruido estadio Luis Sitjar, y al equipo lo dirig\u00eda Koldo Aguirre.<\/p>\n\n\n\n<p>El t\u00e9cnico vasco fue sustituido por el franc\u00e9s Lucien Muller en la jornada d\u00e9cimo segunda, pero el Mallorca descendi\u00f3 a Segunda Divisi\u00f3n junto al C\u00e1diz y el Salamanca.<\/p>\n\n\n\n<p>Los bermellones rompieron la racha sin celebrar triunfos en casa en la jornada d\u00e9cimo sexta, venciendo 2-1 a la Real Sociedad el 14 de diciembre de 1983.<\/p>\n\n\n\n<p>Este a\u00f1o, los bermellones han perdido un partido en Son Moix, han empatado seis; es decir, de 21 puntos en juego solo han sumado 6, un &#8220;bagaje pobre&#8221; como lo defini\u00f3 Aguirre.<\/p>\n","protected":false},"excerpt":{"rendered":"<p>Con el empate (0-0) ante el Deportivo Alav\u00e9s, el Mallorca del t\u00e9cnico mexicano Javier Aguirre ha igualado su peor racha hist\u00f3rica, que se remonta a 40 a\u00f1os atr\u00e1s, sin celebrar una victoria como local en siete de las catorce jornadas disputadas en La Liga espa\u00f1ola. En la temporada 1983-1984 en Primera Divisi\u00f3n, los bermellones jugaban [&hellip;]<\/p>\n","protected":false},"author":80,"featured_media":291002,"comment_status":"closed","ping_status":"closed","sticky":false,"template":"","format":"standard","meta":{"footnotes":""},"categories":[39],"tags":[],"class_list":["post-291001","post","type-post","status-publish","format-standard","has-post-thumbnail","hentry","category-deportiva"],"_links":{"self":[{"href":"https:\/\/plazajuarez.mx\/historico\/wp-json\/wp\/v2\/posts\/291001","targetHints":{"allow":["GET"]}}],"collection":[{"href":"https:\/\/plazajuarez.mx\/historico\/wp-json\/wp\/v2\/posts"}],"about":[{"href":"https:\/\/plazajuarez.mx\/historico\/wp-json\/wp\/v2\/types\/post"}],"author":[{"embeddable":true,"href":"https:\/\/plazajuarez.mx\/historico\/wp-json\/wp\/v2\/users\/80"}],"replies":[{"embeddable":true,"href":"https:\/\/plazajuarez.mx\/historico\/wp-json\/wp\/v2\/comments?post=291001"}],"version-history":[{"count":0,"href":"https:\/\/plazajuarez.mx\/historico\/wp-json\/wp\/v2\/posts\/291001\/revisions"}],"wp:featuredmedia":[{"embeddable":true,"href":"https:\/\/plazajuarez.mx\/historico\/wp-json\/wp\/v2\/media\/291002"}],"wp:attachment":[{"href":"https:\/\/plazajuarez.mx\/historico\/wp-json\/wp\/v2\/media?parent=291001"}],"wp:term":[{"taxonomy":"category","embeddable":true,"href":"https:\/\/plazajuarez.mx\/historico\/wp-json\/wp\/v2\/categories?post=291001"},{"taxonomy":"post_tag","embeddable":true,"href":"https:\/\/plazajuarez.mx\/historico\/wp-json\/wp\/v2\/tags?post=291001"}],"curies":[{"name":"wp","href":"https:\/\/api.w.org\/{rel}","templated":true}]}}