{"id":29100,"date":"2016-09-27T13:34:47","date_gmt":"2016-09-27T13:34:47","guid":{"rendered":"http:\/\/plazajuarez.mx\/index\/index.php\/2016\/09\/27\/error-mantener-a-pemex-y-cfe-en-presupuesto\/"},"modified":"2016-09-27T13:34:47","modified_gmt":"2016-09-27T13:34:47","slug":"error-mantener-a-pemex-y-cfe-en-presupuesto","status":"publish","type":"post","link":"https:\/\/plazajuarez.mx\/historico\/error-mantener-a-pemex-y-cfe-en-presupuesto\/","title":{"rendered":"&#8220;Error&#8221;, mantener a Pemex y CFE en presupuesto"},"content":{"rendered":"<p>El ex director general de Pemex, Jes\u00fas Reyes Heroles, asegur\u00f3 que un error de fondo fue dejar a la Comisi\u00f3n Federal de Electricidad y a Pemex dentro del presupuesto porque desgraciadamente esto hace que haya un gran c\u00famulo de normatividad y procedimientos que se tienen que seguir observando.<\/p>\n<p>  <!--more-->  <\/p>\n<p>Aunque se le dieron ciertos espacios a Pemex para tomar decisiones, esto ha entorpecido la agilidad para hacerlo y hay varios proyectos cr\u00edticos que no son ni siquiera para crecer, sino para mantener la plataforma de producci\u00f3n de crudo y gas, y que han sido pospuestos en los cuatro a\u00f1os de la actual administraci\u00f3n con todos los riesgos que esto implica para el futuro de la empresa y que francamente son preocupantes. Reconoci\u00f3, que pese a que se abrieron espacios para asociaciones, no se ha conformado ninguna.<\/p>\n","protected":false},"excerpt":{"rendered":"<p>El ex director general de Pemex, Jes\u00fas Reyes Heroles, asegur\u00f3 que un error de fondo fue dejar a la Comisi\u00f3n Federal de Electricidad y a Pemex dentro del presupuesto porque desgraciadamente esto hace que haya un gran c\u00famulo de normatividad y procedimientos que se tienen que seguir observando.<\/p>\n","protected":false},"author":93,"featured_media":0,"comment_status":"open","ping_status":"open","sticky":false,"template":"","format":"standard","meta":{"footnotes":""},"categories":[36],"tags":[],"class_list":["post-29100","post","type-post","status-publish","format-standard","hentry","category-nacion"],"_links":{"self":[{"href":"https:\/\/plazajuarez.mx\/historico\/wp-json\/wp\/v2\/posts\/29100","targetHints":{"allow":["GET"]}}],"collection":[{"href":"https:\/\/plazajuarez.mx\/historico\/wp-json\/wp\/v2\/posts"}],"about":[{"href":"https:\/\/plazajuarez.mx\/historico\/wp-json\/wp\/v2\/types\/post"}],"author":[{"embeddable":true,"href":"https:\/\/plazajuarez.mx\/historico\/wp-json\/wp\/v2\/users\/93"}],"replies":[{"embeddable":true,"href":"https:\/\/plazajuarez.mx\/historico\/wp-json\/wp\/v2\/comments?post=29100"}],"version-history":[{"count":0,"href":"https:\/\/plazajuarez.mx\/historico\/wp-json\/wp\/v2\/posts\/29100\/revisions"}],"wp:attachment":[{"href":"https:\/\/plazajuarez.mx\/historico\/wp-json\/wp\/v2\/media?parent=29100"}],"wp:term":[{"taxonomy":"category","embeddable":true,"href":"https:\/\/plazajuarez.mx\/historico\/wp-json\/wp\/v2\/categories?post=29100"},{"taxonomy":"post_tag","embeddable":true,"href":"https:\/\/plazajuarez.mx\/historico\/wp-json\/wp\/v2\/tags?post=29100"}],"curies":[{"name":"wp","href":"https:\/\/api.w.org\/{rel}","templated":true}]}}