{"id":290992,"date":"2023-12-05T02:52:20","date_gmt":"2023-12-05T08:52:20","guid":{"rendered":"https:\/\/plazajuarez.mx\/?p=290992"},"modified":"2023-12-05T02:52:23","modified_gmt":"2023-12-05T08:52:23","slug":"samuel-garcia-asume-nuevamente-la-gubernatura-de-nuevo-leon","status":"publish","type":"post","link":"https:\/\/plazajuarez.mx\/historico\/samuel-garcia-asume-nuevamente-la-gubernatura-de-nuevo-leon\/","title":{"rendered":"Samuel Garc\u00eda asume nuevamente la gubernatura de Nuevo Le\u00f3n"},"content":{"rendered":"\n<p>El Congreso del estado de Nuevo Le\u00f3n, norte de M\u00e9xico, puso fin ayer a la crisis pol\u00edtica que enfrent\u00f3 en los \u00faltimos d\u00edas, al aprobar la renuncia que present\u00f3 el gobernador interino, Luis Enrique Orozco, y revocar la licencia pedida por el gobernador en funciones, Samuel Garc\u00eda, as\u00ed como avalar el regreso al cargo de este \u00faltimo.<\/p>\n\n\n\n<p>El Congreso local termin\u00f3 con las especulaciones de dos presuntos gobernadores en el estado. Uno, Orozco, el que design\u00f3 el propio Congreso para suplir la ausencia de Garc\u00eda, el mandatario electo en las votaciones de 2021 y quien decidi\u00f3 renunciar a la campa\u00f1a por la presidencia de M\u00e9xico por el partido Movimiento Ciudadano (MC) y reasumir sus funciones.<\/p>\n\n\n\n<p>Dentro de los asuntos del d\u00eda en el Congreso del estado se ley\u00f3 primero el escrito con la renuncia de Orozco y se aprob\u00f3 por unanimidad, posteriormente se puso a consideraci\u00f3n del Pleno la revocaci\u00f3n de licencia de Garc\u00eda, as\u00ed como su reincorporaci\u00f3n como jefe del ejecutivo estatal.<\/p>\n\n\n\n<p>Garc\u00eda ten\u00eda una licencia aprobada por seis meses, del 2 de diciembre de 2023 al 2 de junio de 2024, para irse a contender por la presidencia de M\u00e9xico, ante lo cual el Congreso local design\u00f3 a Orozco, ex vicefiscal del estado, como mandatario interino.<\/p>\n","protected":false},"excerpt":{"rendered":"<p>El Congreso del estado de Nuevo Le\u00f3n, norte de M\u00e9xico, puso fin ayer a la crisis pol\u00edtica que enfrent\u00f3 en los \u00faltimos d\u00edas, al aprobar la renuncia que present\u00f3 el gobernador interino, Luis Enrique Orozco, y revocar la licencia pedida por el gobernador en funciones, Samuel Garc\u00eda, as\u00ed como avalar el regreso al cargo de [&hellip;]<\/p>\n","protected":false},"author":80,"featured_media":290993,"comment_status":"closed","ping_status":"closed","sticky":false,"template":"","format":"standard","meta":{"footnotes":""},"categories":[36],"tags":[],"class_list":["post-290992","post","type-post","status-publish","format-standard","has-post-thumbnail","hentry","category-nacion"],"_links":{"self":[{"href":"https:\/\/plazajuarez.mx\/historico\/wp-json\/wp\/v2\/posts\/290992","targetHints":{"allow":["GET"]}}],"collection":[{"href":"https:\/\/plazajuarez.mx\/historico\/wp-json\/wp\/v2\/posts"}],"about":[{"href":"https:\/\/plazajuarez.mx\/historico\/wp-json\/wp\/v2\/types\/post"}],"author":[{"embeddable":true,"href":"https:\/\/plazajuarez.mx\/historico\/wp-json\/wp\/v2\/users\/80"}],"replies":[{"embeddable":true,"href":"https:\/\/plazajuarez.mx\/historico\/wp-json\/wp\/v2\/comments?post=290992"}],"version-history":[{"count":0,"href":"https:\/\/plazajuarez.mx\/historico\/wp-json\/wp\/v2\/posts\/290992\/revisions"}],"wp:featuredmedia":[{"embeddable":true,"href":"https:\/\/plazajuarez.mx\/historico\/wp-json\/wp\/v2\/media\/290993"}],"wp:attachment":[{"href":"https:\/\/plazajuarez.mx\/historico\/wp-json\/wp\/v2\/media?parent=290992"}],"wp:term":[{"taxonomy":"category","embeddable":true,"href":"https:\/\/plazajuarez.mx\/historico\/wp-json\/wp\/v2\/categories?post=290992"},{"taxonomy":"post_tag","embeddable":true,"href":"https:\/\/plazajuarez.mx\/historico\/wp-json\/wp\/v2\/tags?post=290992"}],"curies":[{"name":"wp","href":"https:\/\/api.w.org\/{rel}","templated":true}]}}