{"id":29099,"date":"2016-09-27T13:34:39","date_gmt":"2016-09-27T13:34:39","guid":{"rendered":"http:\/\/plazajuarez.mx\/index\/index.php\/2016\/09\/27\/descarta-meade-un-mayor-recorte\/"},"modified":"2016-09-27T13:34:39","modified_gmt":"2016-09-27T13:34:39","slug":"descarta-meade-un-mayor-recorte","status":"publish","type":"post","link":"https:\/\/plazajuarez.mx\/historico\/descarta-meade-un-mayor-recorte\/","title":{"rendered":"Descarta Meade un mayor recorte"},"content":{"rendered":"<p>Explic\u00f3 que no hay margen de un mayor recorte porque se revisaron todas las secretar\u00edas y no hay ninguna que no haya tenido un recorte muy importante.<\/p>\n<p>  <!--more-->  <\/p>\n<p>&#8220;Todas las secretar\u00edas est\u00e1n aportando. No hay una sola que este esfuerzo no haya estado dispuesta a poner su parte&#8221;. Los recortes, dijo, se van a enfrentar con coordinaci\u00f3n, focalizaci\u00f3n, nuevas tecnolog\u00edas, nuevos instrumentos y aprovechando las reformas estructurales&#8221;.<\/p>\n<p>El secretario de Hacienda, Jos\u00e9 Antonio Meade, asegur\u00f3 que ya no hay margen para realizar un ajuste mayor al gasto y este es el m\u00e1s relevante que se ha hecho en la historia, pero que no afectar\u00e1 a las pobres.<br \/>La duda hoy, agreg\u00f3, es s\u00ed el Congreso estar\u00e1 a la altura del reto en t\u00e9rminos de aprobarlo y s\u00ed nosotros seremos capaces de implementarlo y que no quede la menor duda de que seremos capaces. Rechaz\u00f3 que este paquete presupuestal vaya a acrecentar la pobreza en M\u00e9xico.<br \/>&#8220;Al rev\u00e9s, este presupuesto es el que preserva nuestra capacidad para seguir creciendo y preserva nuestra capacidad de seguir generando condiciones para que aprovechen mejores oportunidades. Si se cambia, si flaqueamos en las se\u00f1ales en t\u00e9rminos de mandar certidumbre eso ser\u00eda nuestro mayor riesgo&#8221;.<br \/>Asever\u00f3 que hoy es en la certidumbre donde el pa\u00eds encuentra su mayor palanca para seguir construyendo espacios de inclusi\u00f3n y prosperidad.<br \/>En respuesta a la demanda del sector privado de realizar un mayor ajuste al gasto p\u00fablico, el titular de las finanzas p\u00fablicas afirm\u00f3: &#8220;Pensamos que el que se propuso es el recorte necesario y suficiente porque estamos absorbiendo todo el ajuste\u201d. <\/p>\n","protected":false},"excerpt":{"rendered":"<p>Explic\u00f3 que no hay margen de un mayor recorte porque se revisaron todas las secretar\u00edas y no hay ninguna que no haya tenido un recorte muy importante.<\/p>\n","protected":false},"author":93,"featured_media":0,"comment_status":"open","ping_status":"open","sticky":false,"template":"","format":"standard","meta":{"footnotes":""},"categories":[36],"tags":[],"class_list":["post-29099","post","type-post","status-publish","format-standard","hentry","category-nacion"],"_links":{"self":[{"href":"https:\/\/plazajuarez.mx\/historico\/wp-json\/wp\/v2\/posts\/29099","targetHints":{"allow":["GET"]}}],"collection":[{"href":"https:\/\/plazajuarez.mx\/historico\/wp-json\/wp\/v2\/posts"}],"about":[{"href":"https:\/\/plazajuarez.mx\/historico\/wp-json\/wp\/v2\/types\/post"}],"author":[{"embeddable":true,"href":"https:\/\/plazajuarez.mx\/historico\/wp-json\/wp\/v2\/users\/93"}],"replies":[{"embeddable":true,"href":"https:\/\/plazajuarez.mx\/historico\/wp-json\/wp\/v2\/comments?post=29099"}],"version-history":[{"count":0,"href":"https:\/\/plazajuarez.mx\/historico\/wp-json\/wp\/v2\/posts\/29099\/revisions"}],"wp:attachment":[{"href":"https:\/\/plazajuarez.mx\/historico\/wp-json\/wp\/v2\/media?parent=29099"}],"wp:term":[{"taxonomy":"category","embeddable":true,"href":"https:\/\/plazajuarez.mx\/historico\/wp-json\/wp\/v2\/categories?post=29099"},{"taxonomy":"post_tag","embeddable":true,"href":"https:\/\/plazajuarez.mx\/historico\/wp-json\/wp\/v2\/tags?post=29099"}],"curies":[{"name":"wp","href":"https:\/\/api.w.org\/{rel}","templated":true}]}}