{"id":29097,"date":"2016-09-27T13:33:23","date_gmt":"2016-09-27T13:33:23","guid":{"rendered":"http:\/\/plazajuarez.mx\/index\/index.php\/2016\/09\/27\/mexico-sufre-descomposicion-social-obispo\/"},"modified":"2016-09-27T13:33:23","modified_gmt":"2016-09-27T13:33:23","slug":"mexico-sufre-descomposicion-social-obispo","status":"publish","type":"post","link":"https:\/\/plazajuarez.mx\/historico\/mexico-sufre-descomposicion-social-obispo\/","title":{"rendered":"M\u00e9xico sufre &#8220;descomposici\u00f3n social&#8221;: obispo"},"content":{"rendered":"<p>\u00a0\u201cAsesinan a gente en quien se puede confiar\u201d<br \/>\u2022\u00a0\u00a0\u00a0 Tres asesinatos de sacerdotes en una semana<\/p>\n<p>  <!--more-->  <\/p>\n<p>El arzobispo de Morelia dijo que lo cierto es que el sacerdote fue asesinado pocas horas despu\u00e9s de que lo secuestraron y fue localizado sin vida el s\u00e1bado en la noche. Adem\u00e1s, le robaron dos veh\u00edculos de su propiedad y objetos de valor. \u201cNo nos quedaremos con lamentaciones, ni nos dejaremos invadir por la amargura\u201d, dijo.<br \/>San Crist\u00f3bal de Las Casas, Chis.- El asesinato de dos sacerdotes en Veracruz y uno en Michoac\u00e1n \u201cindica la descomposici\u00f3n social\u201d que sufre el pa\u00eds, afirm\u00f3 el obispo de la di\u00f3cesis de San Crist\u00f3bal de Las Casas, Felipe Arizmendi Esquivel. \u201cSi esto pasa con personas a las que normalmente la mayor\u00eda de la poblaci\u00f3n respeta y valora, porque la mayor\u00eda de sacerdotes son gente de confiar y bien aceptada en la comunidad, toda la gente tiene m\u00e1s miedo de lo que le puede pasar\u201d. \u201cHay gente que no tiene ning\u00fan valor; hay una descomposici\u00f3n social muy preocupante y por eso insistimos en que desde la familia hay que poner cimientos para que no sea el dinero lo que m\u00e1s le importe a algunas personas\u201d, dijo en entrevista.<br \/>EPISCOPADO DEMANDA CASTIGO POR CR\u00cdMENES DE CURAS<br \/>La Conferencia del Episcopado Mexicano (CEM) demand\u00f3 con urgencia a las autoridades correspondientes la aplicaci\u00f3n de justicia y castigo a los culpables de estos \u201ccr\u00edmenes inexcusables\u201d tanto de los dos sacerdotes de la di\u00f3cesis de Papantla, Veracruz como del cura de Puru\u00e1ndiro, Michoac\u00e1n. Ante los asesinatos de tres sacerdotes en una semana, los obispos de las di\u00f3cesis a las que estaban adscritos los curas han entrado en contacto con las autoridades respectivas y colaborado con ellas, indicaron en un mensaje firmado por el presidente de la CEM, Francisco Robles Ortega, y por el secretario general, Alfonso Miranda Guardiola. Reiteraron la exigencia de \u201cno manchar\u201d el nombre de los presb\u00edteros puesto que las investigaciones no han concluido.<br \/>LA VERDAD SALDR\u00c1, DICE CARDENAL SOBRE CURA ASESINADO <br \/>Morelia, Mich.- El cardenal Alberto Su\u00e1rez Inda solicit\u00f3 a la Procuradur\u00eda General de Justicia del Estado (PGJE) que contin\u00fae con las investigaciones para dar con el paradero de los asesinos del cura Jos\u00e9 Alfredo L\u00f3pez Guill\u00e9n, localizado a unos kil\u00f3metros de la cabecera municipal de Puru\u00e1ndiro. En rueda de prensa, se refiri\u00f3 a las \u201cinterpretaciones maliciosas\u201d que salieron a relucir cuando algunos medios informativos publicaron supuestas fotos del cl\u00e9rigo entrando a un hotel con un joven, y de quien no se sabe nada. \u201cEs preferible guardar silencio y esperar, ya que la verdad sale a relucir tarde o temprano\u201d.<\/p>\n","protected":false},"excerpt":{"rendered":"<p>\u00a0\u201cAsesinan a gente en quien se puede confiar\u201d\u2022\u00a0\u00a0\u00a0 Tres asesinatos de sacerdotes en una semana<\/p>\n","protected":false},"author":93,"featured_media":0,"comment_status":"open","ping_status":"open","sticky":false,"template":"","format":"standard","meta":{"footnotes":""},"categories":[36],"tags":[],"class_list":["post-29097","post","type-post","status-publish","format-standard","hentry","category-nacion"],"_links":{"self":[{"href":"https:\/\/plazajuarez.mx\/historico\/wp-json\/wp\/v2\/posts\/29097","targetHints":{"allow":["GET"]}}],"collection":[{"href":"https:\/\/plazajuarez.mx\/historico\/wp-json\/wp\/v2\/posts"}],"about":[{"href":"https:\/\/plazajuarez.mx\/historico\/wp-json\/wp\/v2\/types\/post"}],"author":[{"embeddable":true,"href":"https:\/\/plazajuarez.mx\/historico\/wp-json\/wp\/v2\/users\/93"}],"replies":[{"embeddable":true,"href":"https:\/\/plazajuarez.mx\/historico\/wp-json\/wp\/v2\/comments?post=29097"}],"version-history":[{"count":0,"href":"https:\/\/plazajuarez.mx\/historico\/wp-json\/wp\/v2\/posts\/29097\/revisions"}],"wp:attachment":[{"href":"https:\/\/plazajuarez.mx\/historico\/wp-json\/wp\/v2\/media?parent=29097"}],"wp:term":[{"taxonomy":"category","embeddable":true,"href":"https:\/\/plazajuarez.mx\/historico\/wp-json\/wp\/v2\/categories?post=29097"},{"taxonomy":"post_tag","embeddable":true,"href":"https:\/\/plazajuarez.mx\/historico\/wp-json\/wp\/v2\/tags?post=29097"}],"curies":[{"name":"wp","href":"https:\/\/api.w.org\/{rel}","templated":true}]}}