{"id":29095,"date":"2016-09-27T13:32:44","date_gmt":"2016-09-27T13:32:44","guid":{"rendered":"http:\/\/plazajuarez.mx\/index\/index.php\/2016\/09\/27\/trump-promete-a-netanyahu-que-reconocera-jerusalen\/"},"modified":"2016-09-27T13:32:44","modified_gmt":"2016-09-27T13:32:44","slug":"trump-promete-a-netanyahu-que-reconocera-jerusalen","status":"publish","type":"post","link":"https:\/\/plazajuarez.mx\/historico\/trump-promete-a-netanyahu-que-reconocera-jerusalen\/","title":{"rendered":"Trump promete a Netanyahu que reconocer\u00e1 Jerusal\u00e9n"},"content":{"rendered":"<p>\u2022\u00a0\u00a0\u00a0 El primer ministro israel\u00ed se re\u00fane en Nueva York con los candidatos a la presidencia<\/p>\n<p>  <!--more-->  <\/p>\n<p>Ello, a pesar de que Trump ha sido acusado de estar vinculado con un movimiento supremacista y antisemita, public\u00f3 un mensaje en Twitter que conten\u00eda la estrella de David y debi\u00f3 retirar por la avalancha de cr\u00edticas, su hijo utiliz\u00f3 una referencia del Holocausto para criticar a los medios<br \/>El candidato republicano Donald Trump le comunic\u00f3 al primer ministro israel\u00ed Benjamin Netanyahu que si gana las elecciones presidenciales de noviembre EU reconocer\u00e1 Jerusal\u00e9n como la capital unida de Israel. Ambos mandatarios se reunieron el domingo en Nueva York, coincidiendo con la visita de Netanyahu al pa\u00eds. Horas despu\u00e9s, el primer ministro israel\u00ed mantuvo un encuentro con la aspirante dem\u00f3crata Hillary Clinton en el centro de la ciudad.<br \/>\u201cTrump est\u00e1 de acuerdo en que la asistencia militar que EU proporciona a Israel y la cooperaci\u00f3n en materia de defensa con Israel son una inversi\u00f3n excelente para Am\u00e9rica\u201d, asegura la campa\u00f1a del republicano en un comunicado emitido tras el encuentro. <br \/>El republicano, seg\u00fan su organizaci\u00f3n, ha trasladado al primer ministro israel\u00ed su disposici\u00f3n para \u201caceptar el mandato del Congreso y reconocer Jerusal\u00e9n como la capital unida del Estado de Israel\u201d.<br \/>El encuentro entre ambos mandatarios se ha producido despu\u00e9s de que Trump haya despertado dudas acerca de su compromiso con el pa\u00eds, al que ahora define como \u201cun aliado vital de EE UU en la guerra global contra el terrorismo isl\u00e1mico radical\u201d. <\/p>\n","protected":false},"excerpt":{"rendered":"<p>\u2022\u00a0\u00a0\u00a0 El primer ministro israel\u00ed se re\u00fane en Nueva York con los candidatos a la presidencia<\/p>\n","protected":false},"author":93,"featured_media":0,"comment_status":"open","ping_status":"open","sticky":false,"template":"","format":"standard","meta":{"footnotes":""},"categories":[31],"tags":[],"class_list":["post-29095","post","type-post","status-publish","format-standard","hentry","category-orbe"],"_links":{"self":[{"href":"https:\/\/plazajuarez.mx\/historico\/wp-json\/wp\/v2\/posts\/29095","targetHints":{"allow":["GET"]}}],"collection":[{"href":"https:\/\/plazajuarez.mx\/historico\/wp-json\/wp\/v2\/posts"}],"about":[{"href":"https:\/\/plazajuarez.mx\/historico\/wp-json\/wp\/v2\/types\/post"}],"author":[{"embeddable":true,"href":"https:\/\/plazajuarez.mx\/historico\/wp-json\/wp\/v2\/users\/93"}],"replies":[{"embeddable":true,"href":"https:\/\/plazajuarez.mx\/historico\/wp-json\/wp\/v2\/comments?post=29095"}],"version-history":[{"count":0,"href":"https:\/\/plazajuarez.mx\/historico\/wp-json\/wp\/v2\/posts\/29095\/revisions"}],"wp:attachment":[{"href":"https:\/\/plazajuarez.mx\/historico\/wp-json\/wp\/v2\/media?parent=29095"}],"wp:term":[{"taxonomy":"category","embeddable":true,"href":"https:\/\/plazajuarez.mx\/historico\/wp-json\/wp\/v2\/categories?post=29095"},{"taxonomy":"post_tag","embeddable":true,"href":"https:\/\/plazajuarez.mx\/historico\/wp-json\/wp\/v2\/tags?post=29095"}],"curies":[{"name":"wp","href":"https:\/\/api.w.org\/{rel}","templated":true}]}}