{"id":29094,"date":"2016-09-27T13:32:25","date_gmt":"2016-09-27T13:32:25","guid":{"rendered":"http:\/\/plazajuarez.mx\/index\/index.php\/2016\/09\/27\/colombia-abre-una-etapa-de-esperanza\/"},"modified":"2016-09-27T13:32:25","modified_gmt":"2016-09-27T13:32:25","slug":"colombia-abre-una-etapa-de-esperanza","status":"publish","type":"post","link":"https:\/\/plazajuarez.mx\/historico\/colombia-abre-una-etapa-de-esperanza\/","title":{"rendered":"Colombia abre una etapa de esperanza"},"content":{"rendered":"<p>Ayer se firm\u00f3 la paz con las FARC<br \/>\u2022\u00a0\u00a0\u00a0 Arropados por el Rey Juan Carlos y 15 presidentes, Santos y \u00abTimochenko\u00bb dan carpetazo a 52 a\u00f1os de conflicto armado<\/p>\n<p>  <!--more-->  <\/p>\n<p>Los expresidentes \u00c1lvaro Uribe y Andr\u00e9s Pastrana lideran, con matices, la campa\u00f1a por el \u00abno\u00bb en el plebiscito porque creen que los acuerdos otorgan impunidad a las FARC. <br \/>El presidente Santos y el l\u00edder guerrillero \u00abTimochenko\u00bb cerraron ayer, en Cartagena de Indias, uno de los cap\u00edtulos m\u00e1s negros y sangrientos de la historia de Colombia, con la r\u00fabrica del acuerdo de paz negociado en Cuba durante casi cuatro a\u00f1os. Vestidos con la guayabera t\u00edpica del Caribe, Santos y el jefe de las Fuerzas Armadas Revolucionarias de Colombia (FARC) \u2013la guerrilla m\u00e1s antigua y poderosa del continente\u2013 firmaron el \u00abAcuerdo final para la terminaci\u00f3n del conflicto y la construcci\u00f3n de una paz estable y duradera\u00bb. <br \/>Juan Manuel Santos y Rodrigo Londo\u00f1o Echeverri \u00abTimochenko\u00bb \u2013m\u00e9dico formado en la URSS\u2013 estuvieron arropados por unos 2.500 invitados. Encabezan la lista el Rey Juan Carlos, Ban Ki-moon, 15 presidentes, tres expresidentes, 27 ministros de Exteriores y dirigentes de los organismos internacionales.<br \/>Atr\u00e1s quedar\u00e1n 52 a\u00f1os de conflicto armado, con un balance de m\u00e1s 220.000 muertos y ocho millones de v\u00edctimas. Por delante, el plebiscito fijado para el pr\u00f3ximo 2 de octubre, en el que los colombianos refrendar\u00e1n o no lo pactado en La Habana. <br \/>El \u00faltimo sondeo de Ipsos revel\u00f3 que la mayor\u00eda de los colombianos dir\u00e1n \u00abs\u00ed\u00bb a los acuerdos de paz: un 72% frente a un 28%, de un 53% del electorado. La encuesta de la firma Cifras &amp; Conceptos, divulgada por Caracol Radio, reduc\u00eda la distancia entre las dos opciones: un 54% a favor del \u00abs\u00ed\u00bb, contra un 34%.<br \/>Por delante tambi\u00e9n est\u00e1 el enorme reto del postconflicto, con la incorporaci\u00f3n de la guerrilla marxista-leninista a la vida pol\u00edtica de Colombia. El pa\u00eds sudamericano necesitar\u00e1 la ayuda de la comunidad internacional: los expertos calculan en unos 31.000 millones de d\u00f3lares el costo de la pr\u00f3xima d\u00e9cada de postconflicto. <\/p>\n","protected":false},"excerpt":{"rendered":"<p>Ayer se firm\u00f3 la paz con las FARC\u2022\u00a0\u00a0\u00a0 Arropados por el Rey Juan Carlos y 15 presidentes, Santos y \u00abTimochenko\u00bb dan carpetazo a 52 a\u00f1os de conflicto armado<\/p>\n","protected":false},"author":93,"featured_media":0,"comment_status":"open","ping_status":"open","sticky":false,"template":"","format":"standard","meta":{"footnotes":""},"categories":[31],"tags":[],"class_list":["post-29094","post","type-post","status-publish","format-standard","hentry","category-orbe"],"_links":{"self":[{"href":"https:\/\/plazajuarez.mx\/historico\/wp-json\/wp\/v2\/posts\/29094","targetHints":{"allow":["GET"]}}],"collection":[{"href":"https:\/\/plazajuarez.mx\/historico\/wp-json\/wp\/v2\/posts"}],"about":[{"href":"https:\/\/plazajuarez.mx\/historico\/wp-json\/wp\/v2\/types\/post"}],"author":[{"embeddable":true,"href":"https:\/\/plazajuarez.mx\/historico\/wp-json\/wp\/v2\/users\/93"}],"replies":[{"embeddable":true,"href":"https:\/\/plazajuarez.mx\/historico\/wp-json\/wp\/v2\/comments?post=29094"}],"version-history":[{"count":0,"href":"https:\/\/plazajuarez.mx\/historico\/wp-json\/wp\/v2\/posts\/29094\/revisions"}],"wp:attachment":[{"href":"https:\/\/plazajuarez.mx\/historico\/wp-json\/wp\/v2\/media?parent=29094"}],"wp:term":[{"taxonomy":"category","embeddable":true,"href":"https:\/\/plazajuarez.mx\/historico\/wp-json\/wp\/v2\/categories?post=29094"},{"taxonomy":"post_tag","embeddable":true,"href":"https:\/\/plazajuarez.mx\/historico\/wp-json\/wp\/v2\/tags?post=29094"}],"curies":[{"name":"wp","href":"https:\/\/api.w.org\/{rel}","templated":true}]}}