{"id":29093,"date":"2016-09-27T13:32:09","date_gmt":"2016-09-27T13:32:09","guid":{"rendered":"http:\/\/plazajuarez.mx\/index\/index.php\/2016\/09\/27\/continuan-los-bombardeos-en-alepo\/"},"modified":"2016-09-27T13:32:09","modified_gmt":"2016-09-27T13:32:09","slug":"continuan-los-bombardeos-en-alepo","status":"publish","type":"post","link":"https:\/\/plazajuarez.mx\/historico\/continuan-los-bombardeos-en-alepo\/","title":{"rendered":"Contin\u00faan los bombardeos en Alepo"},"content":{"rendered":"<p>Los m\u00e1s duros de los \u00faltimos meses<\/p>\n<p>\u2022\u00a0\u00a0\u00a0 Uno de los ataques de ayer dej\u00f3 al hospital Omar bin Abdelaziz de Alepo, situado en el barrio asediado de Maadi, fuera de servicio<\/p>\n<p>  <!--more-->  <\/p>\n<p>Desde Alepo, el activista Abu Muyahed al Halabi, afirm\u00f3 por tel\u00e9fono que fueron aviones rusos los que atacaron este centro sanitario y que \u00abs\u00f3lo ha habido heridos leves, entre los que hay algunas enfermeras y m\u00e9dicos\u00bb.<br \/>Alepo pas\u00f3 de la tensa tregua a sufrir los bombardeos m\u00e1s duros de los \u00faltimos meses. Ayer se registraron nuevos ataques en la ciudad siria de Alepo, donde al menos tres personas fallecieron y un n\u00famero indeterminado resultaron heridas. <br \/>El Observatorio Sirio de Derechos Humanos inform\u00f3 de la muerte de dos menores de la misma familia por un ataque a\u00e9reo de aviones no identificados contra el distrito de Karam Humad, en la urbe de Alepo.<br \/>Bombardeos similares tuvieron lugar en los barrios controlados por la oposici\u00f3n de Bustan al Qasr, Al Helik, Al Ameriya, Bab Qansarin y Sheij Said, donde hubo varios heridos.Tambi\u00e9n se produjeron bombardeos en localidades situadas al oeste y al noroeste de Alepo como Al Mansur, Hian y las inmediaciones de Kafr Dael; as\u00ed como en Jan al Asal, donde una persona perdi\u00f3 la vida y varias sufrieron heridas.<br \/>No en vano, el Ej\u00e9rcito sirio pidi\u00f3 ayer a los civiles de los barrios del este de la ciudad de Alepo (norte), en poder de la oposici\u00f3n y rodeados por las Fuerzas Armadas, que se alejen de las posiciones y concentraciones de \u00abgrupos terroristas\u00bb en la zona.<br \/>El mando de las operaciones militares en Alepo ha reiterado que aplicar\u00e1 todas las medidas posibles para facilitar la recepci\u00f3n de los civiles que deseen abandonar los distritos orientales de la urbe y les garantizar\u00e1 un alojamiento, a trav\u00e9s de un comunicado publicado ayer por la agencia de noticias oficial SANA.<\/p>\n","protected":false},"excerpt":{"rendered":"<p>Los m\u00e1s duros de los \u00faltimos meses \u2022\u00a0\u00a0\u00a0 Uno de los ataques de ayer dej\u00f3 al hospital Omar bin Abdelaziz de Alepo, situado en el barrio asediado de Maadi, fuera de servicio<\/p>\n","protected":false},"author":93,"featured_media":0,"comment_status":"open","ping_status":"open","sticky":false,"template":"","format":"standard","meta":{"footnotes":""},"categories":[31],"tags":[],"class_list":["post-29093","post","type-post","status-publish","format-standard","hentry","category-orbe"],"_links":{"self":[{"href":"https:\/\/plazajuarez.mx\/historico\/wp-json\/wp\/v2\/posts\/29093","targetHints":{"allow":["GET"]}}],"collection":[{"href":"https:\/\/plazajuarez.mx\/historico\/wp-json\/wp\/v2\/posts"}],"about":[{"href":"https:\/\/plazajuarez.mx\/historico\/wp-json\/wp\/v2\/types\/post"}],"author":[{"embeddable":true,"href":"https:\/\/plazajuarez.mx\/historico\/wp-json\/wp\/v2\/users\/93"}],"replies":[{"embeddable":true,"href":"https:\/\/plazajuarez.mx\/historico\/wp-json\/wp\/v2\/comments?post=29093"}],"version-history":[{"count":0,"href":"https:\/\/plazajuarez.mx\/historico\/wp-json\/wp\/v2\/posts\/29093\/revisions"}],"wp:attachment":[{"href":"https:\/\/plazajuarez.mx\/historico\/wp-json\/wp\/v2\/media?parent=29093"}],"wp:term":[{"taxonomy":"category","embeddable":true,"href":"https:\/\/plazajuarez.mx\/historico\/wp-json\/wp\/v2\/categories?post=29093"},{"taxonomy":"post_tag","embeddable":true,"href":"https:\/\/plazajuarez.mx\/historico\/wp-json\/wp\/v2\/tags?post=29093"}],"curies":[{"name":"wp","href":"https:\/\/api.w.org\/{rel}","templated":true}]}}