{"id":29091,"date":"2016-09-27T13:30:23","date_gmt":"2016-09-27T13:30:23","guid":{"rendered":"http:\/\/plazajuarez.mx\/index\/index.php\/2016\/09\/27\/accidente-cobra-una-vida-hay-tres-heridos\/"},"modified":"2016-09-27T13:30:23","modified_gmt":"2016-09-27T13:30:23","slug":"accidente-cobra-una-vida-hay-tres-heridos","status":"publish","type":"post","link":"https:\/\/plazajuarez.mx\/historico\/accidente-cobra-una-vida-hay-tres-heridos\/","title":{"rendered":"ACCIDENTE COBRA UNA VIDA; HAY TRES HERIDOS"},"content":{"rendered":"<p>EN TEPEJI DEL R\u00cdO<\/p>\n<p>  <!--more-->  <\/p>\n<p>Mortal percance entre dos veh\u00edculos se registr\u00f3, en la carretera Federal M\u00e9xico-Quer\u00e9taro, a la altura del municipio de Tepeji del R\u00edo, con saldo rojo de un muerto, tres lesionados y cuantiosas p\u00e9rdidas materiales.<br \/>Del hecho que tuvo lugar a la altura del kil\u00f3metro 69, tomaron conocimiento elementos de la Polic\u00eda Municipal, as\u00ed como oficiales de la Coordinaci\u00f3n de Seguridad Estatal y efectivos de la Polic\u00eda Federal.<br \/>El accidente fue un choque de frente de dos automotores, en el que vio involucrado un Volkswagen Derby blanco, con matr\u00edcula de circulaci\u00f3n MHK-40-35, que manejaba Elisar \u201cM\u201d \u201cR\u201d de 50 a\u00f1os de edad, quien result\u00f3 con golpes contusos y no fue necesaria su hospitalizaci\u00f3n.<br \/>En dicha unidad viajaban como acompa\u00f1antes Natalia \u201cM\u201d \u201cL\u201d de 58 a\u00f1os y Herminia \u201cF\u201d \u201cN\u201d de 59, quienes por la gravedad de sus lesiones fueron trasladadas por param\u00e9dicos de Protecci\u00f3n Civil al hospital del Seguro Social de Tepeji del R\u00edo.<br \/>El conductor del veh\u00edculo que provoc\u00f3 el accidente se dio la fuga, por lo que se desconocen sus caracter\u00edsticas y en el lugar perdi\u00f3 la vida Magdaleno Cruz Olvera, quien hasta antes de morir contaba con 52 a\u00f1os.<\/p>\n","protected":false},"excerpt":{"rendered":"<p>EN TEPEJI DEL R\u00cdO<\/p>\n","protected":false},"author":93,"featured_media":0,"comment_status":"open","ping_status":"open","sticky":false,"template":"","format":"standard","meta":{"footnotes":""},"categories":[37],"tags":[],"class_list":["post-29091","post","type-post","status-publish","format-standard","hentry","category-barandilla"],"_links":{"self":[{"href":"https:\/\/plazajuarez.mx\/historico\/wp-json\/wp\/v2\/posts\/29091","targetHints":{"allow":["GET"]}}],"collection":[{"href":"https:\/\/plazajuarez.mx\/historico\/wp-json\/wp\/v2\/posts"}],"about":[{"href":"https:\/\/plazajuarez.mx\/historico\/wp-json\/wp\/v2\/types\/post"}],"author":[{"embeddable":true,"href":"https:\/\/plazajuarez.mx\/historico\/wp-json\/wp\/v2\/users\/93"}],"replies":[{"embeddable":true,"href":"https:\/\/plazajuarez.mx\/historico\/wp-json\/wp\/v2\/comments?post=29091"}],"version-history":[{"count":0,"href":"https:\/\/plazajuarez.mx\/historico\/wp-json\/wp\/v2\/posts\/29091\/revisions"}],"wp:attachment":[{"href":"https:\/\/plazajuarez.mx\/historico\/wp-json\/wp\/v2\/media?parent=29091"}],"wp:term":[{"taxonomy":"category","embeddable":true,"href":"https:\/\/plazajuarez.mx\/historico\/wp-json\/wp\/v2\/categories?post=29091"},{"taxonomy":"post_tag","embeddable":true,"href":"https:\/\/plazajuarez.mx\/historico\/wp-json\/wp\/v2\/tags?post=29091"}],"curies":[{"name":"wp","href":"https:\/\/api.w.org\/{rel}","templated":true}]}}