{"id":29090,"date":"2016-09-27T13:29:58","date_gmt":"2016-09-27T13:29:58","guid":{"rendered":"http:\/\/plazajuarez.mx\/index\/index.php\/2016\/09\/27\/veloz-auto-arrollo-a-un-menor-de-edad-repartidor-de-tortillas\/"},"modified":"2016-09-27T13:29:58","modified_gmt":"2016-09-27T13:29:58","slug":"veloz-auto-arrollo-a-un-menor-de-edad-repartidor-de-tortillas","status":"publish","type":"post","link":"https:\/\/plazajuarez.mx\/historico\/veloz-auto-arrollo-a-un-menor-de-edad-repartidor-de-tortillas\/","title":{"rendered":"VELOZ AUTO ARROLL\u00d3 A UN MENOR DE EDAD REPARTIDOR DE TORTILLAS"},"content":{"rendered":"<p>EN LA CARRETERA TEPATEPEC-PROGRESO<\/p>\n<p>  <!--more-->  <\/p>\n<p>Un aparatoso accidente que dejo lesionado de consideraci\u00f3n a un menor de edad que se desempe\u00f1aba como repartidor de tortillas, ocurri\u00f3 la ma\u00f1ana de ayer en la carretera estatal Francisco I. Madero-Progreso de Obreg\u00f3n, casi a la altura de las instalaciones del COBAEH.<br \/>Luego de fuerte impacto el menor de edad, recibi\u00f3 ayuda de param\u00e9dicos de Protecci\u00f3n Civil Municipal, quienes le proporcionaron las primeras atenciones y luego de estabilizarlo, lo trasladaron de emergencia al hospital Integral de Cinta Larga, donde fue ingresado al \u00e1rea de Urgencias, donde qued\u00f3 registrado como Jos\u00e9 Manuel \u201cA\u201d.<br \/>Del accidente tomaron conocimiento polic\u00edas Municipales de Progreso y efectivos de la Coordinaci\u00f3n de Seguridad Estatal, estos \u00faltimos se hicieron cargo de las diligencias del percance en el que se vieron involucrados el joven motociclista de 14 a\u00f1os de edad y un auto compacto.<br \/>En el lugar los efectivos policiales aseguraron el veh\u00edculo Volkswagen tipo Pointer, color gris que quedo severamente averiado del frente por el brutal impacto con la motocicleta que piloteaba el infortunado que convalece en el nosocomio.<\/p>\n","protected":false},"excerpt":{"rendered":"<p>EN LA CARRETERA TEPATEPEC-PROGRESO<\/p>\n","protected":false},"author":93,"featured_media":0,"comment_status":"open","ping_status":"open","sticky":false,"template":"","format":"standard","meta":{"footnotes":""},"categories":[37],"tags":[],"class_list":["post-29090","post","type-post","status-publish","format-standard","hentry","category-barandilla"],"_links":{"self":[{"href":"https:\/\/plazajuarez.mx\/historico\/wp-json\/wp\/v2\/posts\/29090","targetHints":{"allow":["GET"]}}],"collection":[{"href":"https:\/\/plazajuarez.mx\/historico\/wp-json\/wp\/v2\/posts"}],"about":[{"href":"https:\/\/plazajuarez.mx\/historico\/wp-json\/wp\/v2\/types\/post"}],"author":[{"embeddable":true,"href":"https:\/\/plazajuarez.mx\/historico\/wp-json\/wp\/v2\/users\/93"}],"replies":[{"embeddable":true,"href":"https:\/\/plazajuarez.mx\/historico\/wp-json\/wp\/v2\/comments?post=29090"}],"version-history":[{"count":0,"href":"https:\/\/plazajuarez.mx\/historico\/wp-json\/wp\/v2\/posts\/29090\/revisions"}],"wp:attachment":[{"href":"https:\/\/plazajuarez.mx\/historico\/wp-json\/wp\/v2\/media?parent=29090"}],"wp:term":[{"taxonomy":"category","embeddable":true,"href":"https:\/\/plazajuarez.mx\/historico\/wp-json\/wp\/v2\/categories?post=29090"},{"taxonomy":"post_tag","embeddable":true,"href":"https:\/\/plazajuarez.mx\/historico\/wp-json\/wp\/v2\/tags?post=29090"}],"curies":[{"name":"wp","href":"https:\/\/api.w.org\/{rel}","templated":true}]}}