{"id":29089,"date":"2016-09-27T13:29:47","date_gmt":"2016-09-27T13:29:47","guid":{"rendered":"http:\/\/plazajuarez.mx\/index\/index.php\/2016\/09\/27\/se-accidentan-policias-municipales-de-eloxochitlan\/"},"modified":"2016-09-27T13:29:47","modified_gmt":"2016-09-27T13:29:47","slug":"se-accidentan-policias-municipales-de-eloxochitlan","status":"publish","type":"post","link":"https:\/\/plazajuarez.mx\/historico\/se-accidentan-policias-municipales-de-eloxochitlan\/","title":{"rendered":"SE ACCIDENTAN POLIC\u00cdAS MUNICIPALES DE ELOXOCHITLAN"},"content":{"rendered":"<p>EN ATOTONILCO EL GRANDE<\/p>\n<p>  <!--more-->  <\/p>\n<p>Efectivos polic\u00edacos informaron oficialmente que se trat\u00f3 de un hecho de tr\u00e1nsito terrestre, que se registr\u00f3 en la carretera M\u00e9xico-Tampico, a la altura de la localidad de San Jos\u00e9, perteneciente al municipio de Atotonilco<br \/>La ma\u00f1ana der ayer en Atotonilco El Grande, sobre la carretera federal M\u00e9xico-Tampico, una patrulla con dos efectivos municipales de Eloxochitlan se accident\u00f3 aparatosamente y gener\u00f3 la movilizaci\u00f3n policial, as\u00ed como de personal de socorro.<br \/>Fue despu\u00e9s de las 07:00 horas cuando se alert\u00f3 al 066 de Emergencias, por lo que se solicit\u00f3 el auxilio y al lugar acudieron elementos de la Polic\u00eda municipal de Atotonilco el Grande, efectivos de la Coordinaci\u00f3n de Seguridad Estatal, socorristas de Cruz Roja y param\u00e9dicos de Protecci\u00f3n Civil, quienes corroboraron que dos polic\u00edas resultaron con severas lesiones.<br \/>De ello se inform\u00f3 oficialmente que se trat\u00f3 de un hecho de tr\u00e1nsito terrestre en la carretera M\u00e9xico-Tampico, a la altura de la localidad de San Jos\u00e9, perteneciente al municipio de antes descrito.<br \/>En el lugar del siniestro se inform\u00f3 que oficiales de la Polic\u00eda Municipal de Eloxochitl\u00e1n, viajaban a bordo de unidad 01584, pero presuntamente, a la patrulla se le ponch\u00f3 una llanta, lo que ocasion\u00f3 que impactara contra la guarnici\u00f3n, quedando heridos Alejandro \u201cn\u201d y Lucila \u201cn\u201d, de 23 y 45 a\u00f1os, respectivamente y fueron trasladados al hospital general de Pachuca.<\/p>\n","protected":false},"excerpt":{"rendered":"<p>EN ATOTONILCO EL GRANDE<\/p>\n","protected":false},"author":93,"featured_media":0,"comment_status":"open","ping_status":"open","sticky":false,"template":"","format":"standard","meta":{"footnotes":""},"categories":[37],"tags":[],"class_list":["post-29089","post","type-post","status-publish","format-standard","hentry","category-barandilla"],"_links":{"self":[{"href":"https:\/\/plazajuarez.mx\/historico\/wp-json\/wp\/v2\/posts\/29089","targetHints":{"allow":["GET"]}}],"collection":[{"href":"https:\/\/plazajuarez.mx\/historico\/wp-json\/wp\/v2\/posts"}],"about":[{"href":"https:\/\/plazajuarez.mx\/historico\/wp-json\/wp\/v2\/types\/post"}],"author":[{"embeddable":true,"href":"https:\/\/plazajuarez.mx\/historico\/wp-json\/wp\/v2\/users\/93"}],"replies":[{"embeddable":true,"href":"https:\/\/plazajuarez.mx\/historico\/wp-json\/wp\/v2\/comments?post=29089"}],"version-history":[{"count":0,"href":"https:\/\/plazajuarez.mx\/historico\/wp-json\/wp\/v2\/posts\/29089\/revisions"}],"wp:attachment":[{"href":"https:\/\/plazajuarez.mx\/historico\/wp-json\/wp\/v2\/media?parent=29089"}],"wp:term":[{"taxonomy":"category","embeddable":true,"href":"https:\/\/plazajuarez.mx\/historico\/wp-json\/wp\/v2\/categories?post=29089"},{"taxonomy":"post_tag","embeddable":true,"href":"https:\/\/plazajuarez.mx\/historico\/wp-json\/wp\/v2\/tags?post=29089"}],"curies":[{"name":"wp","href":"https:\/\/api.w.org\/{rel}","templated":true}]}}