{"id":29067,"date":"2016-09-26T17:23:18","date_gmt":"2016-09-26T17:23:18","guid":{"rendered":"http:\/\/plazajuarez.mx\/index\/index.php\/2016\/09\/26\/zavala-compara-el-discurso-de-odio-de-amlo-con-el-de-trump\/"},"modified":"2016-09-26T17:23:18","modified_gmt":"2016-09-26T17:23:18","slug":"zavala-compara-el-discurso-de-odio-de-amlo-con-el-de-trump","status":"publish","type":"post","link":"https:\/\/plazajuarez.mx\/historico\/zavala-compara-el-discurso-de-odio-de-amlo-con-el-de-trump\/","title":{"rendered":"Zavala compara el &#8220;discurso de odio&#8221; de AMLO con el de Trump"},"content":{"rendered":"<p class=\"MsoNormal\" style=\"text-align: justify;\">La aspirante a la candidatura presidencial del Partido Acci\u00f3n Nacional (PAN), Margarita Zavala, se\u00f1al\u00f3 que entre el l\u00edder nacional de Movimiento Regeneraci\u00f3n Nacional (Morena), Andr\u00e9s Manuel L\u00f3pez Obrador y ella, la enorme diferencia es que \u00e9l practica un discurso f\u00e1cil que invita al odio que no podemos dejar pasar.<\/p>\n<p>  <!--more-->  <\/p>\n<p class=\"MsoNormal\" style=\"text-align: justify;\">&#8220;No lo podemos dejar pasar, no solo por la cuesti\u00f3n del voto, sino por el veneno que genera. En donde nos compara con una granja, en donde francamente nos insulta. Me preocupa el discurso porque nos enfrenta y al pa\u00eds solo lo vamos a sacar construyendo pese a nuestras diferencias&#8221;, afirm\u00f3.<\/p>\n<p class=\"MsoNormal\" style=\"text-align: justify;\">Ante estudiantes de la Universidad An\u00e1huac, Zavala G\u00f3mez del Campo, apunt\u00f3 que el discurso de odio de L\u00f3pez Obrador es similar al que utiliza el candidato republicano Donald Trump.<\/p>\n<p class=\"MsoNormal\" style=\"text-align: justify;\">&#8220;Los discursos de odio son atractivos, porque no invitan a actuar si no a reaccionar. De echarle la culpa al otro y no hacerse responsable. Este discurso del odio ha sido mi raz\u00f3n para decir: empecemos de una vez, porque \u00e9l ya lleva dos siglos en campa\u00f1a&#8221;, asent\u00f3.<\/p>\n<p style=\"text-align: justify;\">\u00a0<\/p>\n<p class=\"MsoNormal\" style=\"text-align: justify;\">Al ser cuestionada por Pablo, estudiante de la carrera de Derecho sobre su adversario pol\u00edtico Andr\u00e9s Manuel, anot\u00f3 que en M\u00e9xico hay dos caminos: el primero hacernos responsables sociales y de la inclusi\u00f3n de los que menos tienen; y el segundo, es el enfrentamiento con un discurso de odio, igual al discurso de odio de Estados Unidos.<\/p>\n","protected":false},"excerpt":{"rendered":"<p>La aspirante a la candidatura presidencial del Partido Acci\u00f3n Nacional (PAN), Margarita Zavala, se\u00f1al\u00f3 que entre el l\u00edder nacional de Movimiento Regeneraci\u00f3n Nacional (Morena), Andr\u00e9s Manuel L\u00f3pez Obrador y ella, la enorme diferencia es que \u00e9l practica un discurso f\u00e1cil que invita al odio que no podemos dejar pasar.<\/p>\n","protected":false},"author":6,"featured_media":0,"comment_status":"open","ping_status":"open","sticky":false,"template":"","format":"standard","meta":{"footnotes":""},"categories":[36],"tags":[],"class_list":["post-29067","post","type-post","status-publish","format-standard","hentry","category-nacion"],"_links":{"self":[{"href":"https:\/\/plazajuarez.mx\/historico\/wp-json\/wp\/v2\/posts\/29067","targetHints":{"allow":["GET"]}}],"collection":[{"href":"https:\/\/plazajuarez.mx\/historico\/wp-json\/wp\/v2\/posts"}],"about":[{"href":"https:\/\/plazajuarez.mx\/historico\/wp-json\/wp\/v2\/types\/post"}],"author":[{"embeddable":true,"href":"https:\/\/plazajuarez.mx\/historico\/wp-json\/wp\/v2\/users\/6"}],"replies":[{"embeddable":true,"href":"https:\/\/plazajuarez.mx\/historico\/wp-json\/wp\/v2\/comments?post=29067"}],"version-history":[{"count":0,"href":"https:\/\/plazajuarez.mx\/historico\/wp-json\/wp\/v2\/posts\/29067\/revisions"}],"wp:attachment":[{"href":"https:\/\/plazajuarez.mx\/historico\/wp-json\/wp\/v2\/media?parent=29067"}],"wp:term":[{"taxonomy":"category","embeddable":true,"href":"https:\/\/plazajuarez.mx\/historico\/wp-json\/wp\/v2\/categories?post=29067"},{"taxonomy":"post_tag","embeddable":true,"href":"https:\/\/plazajuarez.mx\/historico\/wp-json\/wp\/v2\/tags?post=29067"}],"curies":[{"name":"wp","href":"https:\/\/api.w.org\/{rel}","templated":true}]}}