{"id":29065,"date":"2016-09-26T17:18:21","date_gmt":"2016-09-26T17:18:21","guid":{"rendered":"http:\/\/plazajuarez.mx\/index\/index.php\/2016\/09\/26\/no-dejare-presidencia-del-pan-antes-de-2017-dice-anaya\/"},"modified":"2016-09-26T17:18:21","modified_gmt":"2016-09-26T17:18:21","slug":"no-dejare-presidencia-del-pan-antes-de-2017-dice-anaya","status":"publish","type":"post","link":"https:\/\/plazajuarez.mx\/historico\/no-dejare-presidencia-del-pan-antes-de-2017-dice-anaya\/","title":{"rendered":"\u201cNo dejar\u00e9 presidencia del PAN antes de 2017\u201d, dice Anaya"},"content":{"rendered":"<p class=\"MsoNormal\" style=\"text-align: justify;\">El presidente nacional del Partido Acci\u00f3n Nacional (PAN), Ricardo Anaya, rechaz\u00f3 que vaya a renunciar a ese partido antes de 2017, como lo exigen algunas voces al interior del partido.<\/p>\n<p>  <!--more-->  <\/p>\n<p class=\"MsoNormal\" style=\"text-align: justify;\">&#8220;No soy aspirante a ninguna candidatura en este momento, estoy concentrado al 100% en mi responsabilidad al frente del partido&#8221;, dijo Anaya, en respuesta a las peticiones de los aspirantes a la candidatura presidencial con el blanquiazul para el 2018, Margarita Zavala y Rafael Moreno Valle.<\/p>\n<p class=\"MsoNormal\" style=\"text-align: justify;\">Anaya asegur\u00f3 que se reunir\u00e1 con ambos y neg\u00f3 que no les haya recibido la llamada a alguno de los dos.<\/p>\n<p class=\"MsoNormal\" style=\"text-align: justify;\">El l\u00edder nacional del PAN pidi\u00f3 a sus militantes a no dividirse. &#8220;No nos podemos dividir, si el PAN se divide cometer\u00eda un error hist\u00f3rico&#8221;, dijo.<\/p>\n<p class=\"MsoNormal\" style=\"text-align: justify;\">La semana pasada, Rafael Moreno Valle acept\u00f3 que buscar\u00e1 la candidatura presidencial, al igual que la esposa del ex presidente Felipe Calder\u00f3n. Sin embargo, criticaron que Anaya no exprese si va o no por la misma candidatura.<\/p>\n<p style=\"text-align: justify;\">\u00a0<\/p>\n<p class=\"MsoNormal\" style=\"text-align: justify;\">Sumado a Zavala y Moreno Valle, Gustavo Madero tambi\u00e9n ha criticado a Anaya por ser presidente del partido, y presuntamente, aspirante.<\/p>\n","protected":false},"excerpt":{"rendered":"<p>El presidente nacional del Partido Acci\u00f3n Nacional (PAN), Ricardo Anaya, rechaz\u00f3 que vaya a renunciar a ese partido antes de 2017, como lo exigen algunas voces al interior del partido.<\/p>\n","protected":false},"author":6,"featured_media":0,"comment_status":"open","ping_status":"open","sticky":false,"template":"","format":"standard","meta":{"footnotes":""},"categories":[36],"tags":[],"class_list":["post-29065","post","type-post","status-publish","format-standard","hentry","category-nacion"],"_links":{"self":[{"href":"https:\/\/plazajuarez.mx\/historico\/wp-json\/wp\/v2\/posts\/29065","targetHints":{"allow":["GET"]}}],"collection":[{"href":"https:\/\/plazajuarez.mx\/historico\/wp-json\/wp\/v2\/posts"}],"about":[{"href":"https:\/\/plazajuarez.mx\/historico\/wp-json\/wp\/v2\/types\/post"}],"author":[{"embeddable":true,"href":"https:\/\/plazajuarez.mx\/historico\/wp-json\/wp\/v2\/users\/6"}],"replies":[{"embeddable":true,"href":"https:\/\/plazajuarez.mx\/historico\/wp-json\/wp\/v2\/comments?post=29065"}],"version-history":[{"count":0,"href":"https:\/\/plazajuarez.mx\/historico\/wp-json\/wp\/v2\/posts\/29065\/revisions"}],"wp:attachment":[{"href":"https:\/\/plazajuarez.mx\/historico\/wp-json\/wp\/v2\/media?parent=29065"}],"wp:term":[{"taxonomy":"category","embeddable":true,"href":"https:\/\/plazajuarez.mx\/historico\/wp-json\/wp\/v2\/categories?post=29065"},{"taxonomy":"post_tag","embeddable":true,"href":"https:\/\/plazajuarez.mx\/historico\/wp-json\/wp\/v2\/tags?post=29065"}],"curies":[{"name":"wp","href":"https:\/\/api.w.org\/{rel}","templated":true}]}}