{"id":29054,"date":"2016-09-26T12:49:46","date_gmt":"2016-09-26T12:49:46","guid":{"rendered":"http:\/\/plazajuarez.mx\/index\/index.php\/2016\/09\/26\/la-gsma-y-el-juego-de-la-sct\/"},"modified":"2016-09-26T12:49:46","modified_gmt":"2016-09-26T12:49:46","slug":"la-gsma-y-el-juego-de-la-sct","status":"publish","type":"post","link":"https:\/\/plazajuarez.mx\/historico\/la-gsma-y-el-juego-de-la-sct\/","title":{"rendered":"La GSMA y el juego de la SCT"},"content":{"rendered":"<p>Telecomunicando<\/p>\n<p>  <!--more-->  <\/p>\n<p>Sebasti\u00e1n Cabello, director de la GSMA Latinoam\u00e9rica, me invit\u00f3 al estupendo evento que realizaron la semana pasada en la Ciudad de M\u00e9xico: MOBILE 360. El acto de apertura fue moderado por el director general de la GSMA, Mats Granryd; present\u00f3 Daniel Hajj, director general de Am\u00e9rica M\u00f3vil, quien hizo \u00e9nfasis en el inter\u00e9s de esa empresa en el mercado de contenidos audiovisuales; hubo una interesante mesa con Thaddeus Arroyo y Carlos Morales, directores generales de AT&amp;T M\u00e9xico y Telef\u00f3nica M\u00e9xico, respectivamente. <br \/>Tambi\u00e9n estuvo Mauricio Ramos, director general de Millicom que me pareci\u00f3 brillante, y que por cierto dicen que est\u00e1 coqueteando con Telef\u00f3nica M\u00e9xico para una posible adquisici\u00f3n. En resumen fue un evento fresco, con un formato din\u00e1mico, bien organizado, en el que tambi\u00e9n se dio a conocer el estudio La Econom\u00eda M\u00f3vil 2016, del que le comparto una interesante numeralia a continuaci\u00f3n:<br \/>NUMERALIA AM\u00c9RICA LATINA (AL)<br \/>&#8211; 414 millones suscriptores \u00fanicos en AL correspondiente del a\u00f1o 2015.<br \/>&#8211; 524 millones suscriptores \u00fanicos que se estima alcanzar para el a\u00f1o 2020.<br \/>&#8211; 88.3 millones suscriptores \u00fanicos en M\u00e9xico registrados en el a\u00f1o 2015.<br \/>&#8211; 65% es la tasa de penetraci\u00f3n de suscriptores \u00fanicos en AL registrado en el a\u00f1o 2015.<br \/>&#8211; 55% de la poblaci\u00f3n de AL tuvo conexi\u00f3n a la banda ancha m\u00f3vil en el a\u00f1o 2015.<br \/>&#8211; 79% de la poblaci\u00f3n en AL se estima tendr\u00e1 conexi\u00f3n a banda ancha m\u00f3vil para el a\u00f1o 2020.<br \/>&#8211; 557 millones de smartphones existir\u00e1n para el a\u00f1o 2020 en AL.<br \/>&#8211; 64 millones de personas en AL a\u00fan no tienen acceso a banda ancha m\u00f3vil, este n\u00famero representa el 10% de la poblaci\u00f3n en AL.<br \/>&#8211; 10% de la poblaci\u00f3n vive en zonas que no cuentan con cobertura de red de banda ancha m\u00f3vil.<br \/>&#8211; 9% es el porcentaje que representa la falta de cobertura de red en M\u00e9xico.<br \/>NUMERALIA GLOBAL<br \/>&#8211; 4.7 billones de suscriptores \u00fanicos reportados en el a\u00f1o 2015.<br \/>&#8211; 5.6 billones de suscriptores \u00fanicos es la cantidad estimada para el a\u00f1o 2020.<br \/>&#8211; 63% es la tasa de penetraci\u00f3n de suscriptores \u00fanicos a nivel global registrada en el a\u00f1o 2015.<br \/>&#8211; 17 millones de empleos directos cre\u00f3 el ecosistema m\u00f3vil en el a\u00f1o 2015 (750 mil en AL).<br \/>&#8211; 3.1 trillones es el valor econ\u00f3mico agregado que gener\u00f3 la industria m\u00f3vil en el a\u00f1o 2015 a nivel Goblal al PIB, una contribuci\u00f3n del 4.12% al PIB a nivel global.<br \/>&#8211; 44% de penetraci\u00f3n de la banda ancha m\u00f3vil registrada para el a\u00f1o 2015.<br \/>&#8211; 60% se estima sea la penetraci\u00f3n de la banda ancha m\u00f3vil para el a\u00f1o 2020.<br \/>&#8211; 151 pa\u00edses tienen disponibles las redes con tecnolog\u00eda 4G (\u00faltimo registro de 2015).<br \/>&#8211; 5.8 billones de smartphones se estima que existir\u00e1n en el a\u00f1o 2020.<br \/>&#8211; 40% de la poblaci\u00f3n mundial a\u00fan carecer\u00e1 de internet para el a\u00f1o 2020.<br \/>Pero la industria no fue la \u00fanica asistente al evento de la GSMA, tambi\u00e9n estuvieron las autoridades. El Instituto Federal de Telecomunicaciones estuvo representado por el comisionado Mario Fromow, y la SCT por la Subsecretaria de Comunicaciones, M\u00f3nica Aspe, quien inaugur\u00f3 formalmente el evento. Ya le he comentado en otras entregas sobre la confusi\u00f3n que percibo en torno al nuevo esquema institucional que plantea la reforma en telecomunicaciones: la presencia protag\u00f3nica de la SCT en todos los eventos del sector, en el que pr\u00e1cticamente no le quedan facultades, as\u00ed como el imperdonable error del 4to Informe de Gobierno en el que se suprime la autonom\u00eda del IFT y se le trata como dependencia federal, son acaso s\u00edmbolos de la desorientaci\u00f3n que impera. \u00bfQui\u00e9n es y qui\u00e9n deber\u00eda ser el interlocutor con la Industria? Esta pregunta que parece tan sencilla tiene, en mi opini\u00f3n, err\u00e1ticas respuestas. Las reglas de contacto impuestas al IFT en la reforma, que lo cre\u00f3 como \u00f3rgano sordomudo so pena de remoci\u00f3n de sus funcionarios, son en parte causantes de que la industria ahora tome a la SCT como interlocutora de su agenda, pero estas exageradas normas, que deben ser suavizadas por el legislador, no son las \u00fanicas culpables, la propia SCT juega al competente e interacciona activamente sobre temas en los que ni siquiera tiene facultades. No tengo la menor duda de que el gatopardismo perverso de las reformas hizo de las suyas en el tema de las reglas de contacto, impidiendo al aut\u00f3nomo interactuar con la industria pero permiti\u00e9ndoselo al gobierno federal; a\u00fan as\u00ed, creo que la industria de las telecomunicaciones no est\u00e1 haciendo bien al cabildear y sobarle el lomo a la SCT, se equivocan, es una apuesta muy cara e irracional, y m\u00e1s a estas alturas del sexenio. La Secretar\u00eda desde luego no tiene nada que perder, por el contrario, los discursos y las inauguraciones los visten, es su juego, pero \u00bfdebe ser el de la Industria?<br \/>El problema no es que la Secretar\u00eda mantenga sus viejas formas, eso es solo un instinto de supervivencia, el tema es la nostalgia y miop\u00eda que se ha apoderado de la industria (tanto de radiodifusi\u00f3n como de telecomunicaciones) y que los est\u00e1 desorientando en la b\u00fasqueda de resultados. Parad\u00f3jicamente este sector que se dice din\u00e1mico y novedoso, parece extra\u00f1ar y se aferra a las formas at\u00e1vicas de besamanos. Es momento de cambiar, de soltar sin miedo, salvo que realmente pensemos que la ruta es Xola-Constituyentes-Insurgentes Sur&#8230;<br \/>EN LA SOBREMESA. 1. Finalmente fue nombrado ya comisionado del IFT, en la plaza que dej\u00f3 vacante Fernando Borj\u00f3n desde marzo de este a\u00f1o. Tal y como le coment\u00e9 en mi columna publicada en este mismo diario el 29 de febrero, en efecto fue designado y ratificado el ingeniero Javier Ju\u00e1rez Mojica. Le deseo mucha suerte, fortaleza y autonom\u00eda en sus decisiones.<br \/>2. Curioso que la petici\u00f3n de transparencia de los nombres de los concursantes en el proyecto de Red Compartida no se haya extendido a la licitaci\u00f3n de radio que est\u00e1 en proceso, \u00bfpor qu\u00e9 ser\u00e1?<br \/>3. Cumple 100 a\u00f1os EL UNIVERSAL y para m\u00ed es un privilegio formar parte de sus plumas. Orgullosamente puedo decir que he estado aqu\u00ed el 6% de este centenario. Es un privilegio.<br \/>Presidenta de Observatel y profesora de la Universidad Iberoamericana. Esta columna refleja la posici\u00f3n personal de la autora twitter @soyirenelevy<\/p>\n","protected":false},"excerpt":{"rendered":"<p>Telecomunicando<\/p>\n","protected":false},"author":93,"featured_media":0,"comment_status":"open","ping_status":"open","sticky":false,"template":"","format":"standard","meta":{"footnotes":""},"categories":[42],"tags":[],"class_list":["post-29054","post","type-post","status-publish","format-standard","hentry","category-nuestrapalabra"],"_links":{"self":[{"href":"https:\/\/plazajuarez.mx\/historico\/wp-json\/wp\/v2\/posts\/29054","targetHints":{"allow":["GET"]}}],"collection":[{"href":"https:\/\/plazajuarez.mx\/historico\/wp-json\/wp\/v2\/posts"}],"about":[{"href":"https:\/\/plazajuarez.mx\/historico\/wp-json\/wp\/v2\/types\/post"}],"author":[{"embeddable":true,"href":"https:\/\/plazajuarez.mx\/historico\/wp-json\/wp\/v2\/users\/93"}],"replies":[{"embeddable":true,"href":"https:\/\/plazajuarez.mx\/historico\/wp-json\/wp\/v2\/comments?post=29054"}],"version-history":[{"count":0,"href":"https:\/\/plazajuarez.mx\/historico\/wp-json\/wp\/v2\/posts\/29054\/revisions"}],"wp:attachment":[{"href":"https:\/\/plazajuarez.mx\/historico\/wp-json\/wp\/v2\/media?parent=29054"}],"wp:term":[{"taxonomy":"category","embeddable":true,"href":"https:\/\/plazajuarez.mx\/historico\/wp-json\/wp\/v2\/categories?post=29054"},{"taxonomy":"post_tag","embeddable":true,"href":"https:\/\/plazajuarez.mx\/historico\/wp-json\/wp\/v2\/tags?post=29054"}],"curies":[{"name":"wp","href":"https:\/\/api.w.org\/{rel}","templated":true}]}}