{"id":29039,"date":"2016-09-26T12:39:56","date_gmt":"2016-09-26T12:39:56","guid":{"rendered":"http:\/\/plazajuarez.mx\/index\/index.php\/2016\/09\/26\/inai-debate-sobre-la-desigualdad-en-el-pais\/"},"modified":"2016-09-26T12:39:56","modified_gmt":"2016-09-26T12:39:56","slug":"inai-debate-sobre-la-desigualdad-en-el-pais","status":"publish","type":"post","link":"https:\/\/plazajuarez.mx\/historico\/inai-debate-sobre-la-desigualdad-en-el-pais\/","title":{"rendered":"Inai debate sobre la desigualdad en el pa\u00eds"},"content":{"rendered":"<p>SEMANA NACIONAL DE TRANSPARENCIA 2016\u00a0\u00a0 <br \/>\u25cf\u00a0\u00a0\u00a0 El instituto alert\u00f3 que uno de los principales factores de la desigualdad econ\u00f3mica y social es la pobreza<\/p>\n<p>  <!--more-->  <\/p>\n<p>CIUDAD DE M\u00c9XICO.- El Instituto Nacional de Transparencia, Acceso a la Informaci\u00f3n y Protecci\u00f3n de Datos Personales (Inai) convoc\u00f3 a debatir la utilidad de la informaci\u00f3n p\u00fablica para combatir la desigualdad en el pa\u00eds, en la Semana Nacional de Transparencia 2016, a desarrollarse del 28 al 30 de septiembre.<br \/>El instituto alert\u00f3 que uno de los principales factores de la desigualdad econ\u00f3mica y social es la pobreza; en M\u00e9xico, 46% de la poblaci\u00f3n, es decir, 55.3 millones de personas viven en esa condici\u00f3n, de acuerdo con datos del Inegi y del Coneval.<br \/>La Semana Nacional de Transparencia tiene como fin detectar la informaci\u00f3n existente y la que hace falta para contar con un diagn\u00f3stico claro que permita evaluar la efectividad de las pol\u00edticas p\u00fablicas implementadas para abatir la desigualdad econ\u00f3mica y social en M\u00e9xico.<br \/>La inauguraci\u00f3n estar\u00e1 a cargo del presidente Enrique Pe\u00f1a Nieto; la comisionada presidente del Inai, Ximena Puente, y el comisionado Joel Salas, entre otros. Participar\u00e1n en las diversas conferencias magistrales y paneles de discusi\u00f3n autoridades, expertos, funcionarios, acad\u00e9micos y representantes de organizaciones civiles. <\/p>\n","protected":false},"excerpt":{"rendered":"<p>SEMANA NACIONAL DE TRANSPARENCIA 2016\u00a0\u00a0 \u25cf\u00a0\u00a0\u00a0 El instituto alert\u00f3 que uno de los principales factores de la desigualdad econ\u00f3mica y social es la pobreza<\/p>\n","protected":false},"author":93,"featured_media":0,"comment_status":"open","ping_status":"open","sticky":false,"template":"","format":"standard","meta":{"footnotes":""},"categories":[36],"tags":[],"class_list":["post-29039","post","type-post","status-publish","format-standard","hentry","category-nacion"],"_links":{"self":[{"href":"https:\/\/plazajuarez.mx\/historico\/wp-json\/wp\/v2\/posts\/29039","targetHints":{"allow":["GET"]}}],"collection":[{"href":"https:\/\/plazajuarez.mx\/historico\/wp-json\/wp\/v2\/posts"}],"about":[{"href":"https:\/\/plazajuarez.mx\/historico\/wp-json\/wp\/v2\/types\/post"}],"author":[{"embeddable":true,"href":"https:\/\/plazajuarez.mx\/historico\/wp-json\/wp\/v2\/users\/93"}],"replies":[{"embeddable":true,"href":"https:\/\/plazajuarez.mx\/historico\/wp-json\/wp\/v2\/comments?post=29039"}],"version-history":[{"count":0,"href":"https:\/\/plazajuarez.mx\/historico\/wp-json\/wp\/v2\/posts\/29039\/revisions"}],"wp:attachment":[{"href":"https:\/\/plazajuarez.mx\/historico\/wp-json\/wp\/v2\/media?parent=29039"}],"wp:term":[{"taxonomy":"category","embeddable":true,"href":"https:\/\/plazajuarez.mx\/historico\/wp-json\/wp\/v2\/categories?post=29039"},{"taxonomy":"post_tag","embeddable":true,"href":"https:\/\/plazajuarez.mx\/historico\/wp-json\/wp\/v2\/tags?post=29039"}],"curies":[{"name":"wp","href":"https:\/\/api.w.org\/{rel}","templated":true}]}}