{"id":289782,"date":"2023-11-23T01:00:47","date_gmt":"2023-11-23T07:00:47","guid":{"rendered":"https:\/\/plazajuarez.mx\/?p=289782"},"modified":"2023-11-23T01:00:51","modified_gmt":"2023-11-23T07:00:51","slug":"pepenadora-nicaraguense","status":"publish","type":"post","link":"https:\/\/plazajuarez.mx\/historico\/pepenadora-nicaraguense\/","title":{"rendered":"Pepenadora nicarag\u00fcense"},"content":{"rendered":"\n<h2 class=\"wp-block-heading\">CINE DE HOY<\/h2>\n\n\n\n<p>En esta ocasi\u00f3n vamos a hablar de \u201cLa hija de todas las rabias\u201d, \u00f3pera prima de Laura Baumeister de Montis, que obtuvo el premio a la mejor cinta latinoamericana en el Festival Internacional de San Francisco<\/p>\n\n\n\n<p>A \u00faltimas fechas, los cineastas parecen haberse percatado de que existen pepenadores, seres que sobreviven hurgando entre la basura. Pueden ser iran\u00edes que encuentran mu\u00f1ecas inflables como en \u201cJardines colgantes\u201d de Ahmed Yassin Aldaradji, o padres lamentables como Gilberto Barraza en \u201cRadical\u201d de Christopher Zalla.<\/p>\n\n\n\n<p>Sin embargo, ninguno de ellos tiene la fuerza de \u201cLa hija de todas las rabias\u201d, \u00f3pera prima de Laura Baumeister de Montis, que se exhibe en la Cineteca Nacional y otras salas.<\/p>\n\n\n\n<p>El gui\u00f3n de la realizadora nicarag\u00fcense narra la historia de&nbsp; la peque\u00f1a Mar\u00eda (una portentosa Ara Alejandra Medal) que sobrevive en una choza situada en las cercan\u00edas de un tiradero de basura con su madre Lilibeth (Virginia Raquel Sevilla Garc\u00eda).<\/p>\n\n\n\n<p>Ambas son unas luchadoras que tratan de mejorar su vida a toda costa. Sin embargo, las autoridades emiten una ley de desperdicios que las dejar\u00e1 sin empleo.<\/p>\n\n\n\n<p>Lilibeth decide encargar a su hija al hosco Ra\u00fal (No\u00e9 H\u00e9rnandez) que dirige una planta de desperdicios.<\/p>\n\n\n\n<p>Sin embargo, Mar\u00eda har\u00e1 todo lo que est\u00e9 a su alcance por reunirse con su madre.<\/p>\n\n\n\n<p>\u201cLa hija de todas las rabias\u201d obtuvo el premio a la mejor cinta latinoamericana en el Festival Internacional de San Francisco y resulta una cinta cruda, pero recomendable.&nbsp;&nbsp;<\/p>\n","protected":false},"excerpt":{"rendered":"<p>CINE DE HOY En esta ocasi\u00f3n vamos a hablar de \u201cLa hija de todas las rabias\u201d, \u00f3pera prima de Laura Baumeister de Montis, que obtuvo el premio a la mejor cinta latinoamericana en el Festival Internacional de San Francisco A \u00faltimas fechas, los cineastas parecen haberse percatado de que existen pepenadores, seres que sobreviven hurgando [&hellip;]<\/p>\n","protected":false},"author":96,"featured_media":247288,"comment_status":"closed","ping_status":"closed","sticky":false,"template":"","format":"standard","meta":{"footnotes":""},"categories":[41,54,42],"tags":[],"class_list":["post-289782","post","type-post","status-publish","format-standard","has-post-thumbnail","hentry","category-arteria-cultural","category-jorge-carrasco","category-nuestrapalabra"],"_links":{"self":[{"href":"https:\/\/plazajuarez.mx\/historico\/wp-json\/wp\/v2\/posts\/289782","targetHints":{"allow":["GET"]}}],"collection":[{"href":"https:\/\/plazajuarez.mx\/historico\/wp-json\/wp\/v2\/posts"}],"about":[{"href":"https:\/\/plazajuarez.mx\/historico\/wp-json\/wp\/v2\/types\/post"}],"author":[{"embeddable":true,"href":"https:\/\/plazajuarez.mx\/historico\/wp-json\/wp\/v2\/users\/96"}],"replies":[{"embeddable":true,"href":"https:\/\/plazajuarez.mx\/historico\/wp-json\/wp\/v2\/comments?post=289782"}],"version-history":[{"count":0,"href":"https:\/\/plazajuarez.mx\/historico\/wp-json\/wp\/v2\/posts\/289782\/revisions"}],"wp:featuredmedia":[{"embeddable":true,"href":"https:\/\/plazajuarez.mx\/historico\/wp-json\/wp\/v2\/media\/247288"}],"wp:attachment":[{"href":"https:\/\/plazajuarez.mx\/historico\/wp-json\/wp\/v2\/media?parent=289782"}],"wp:term":[{"taxonomy":"category","embeddable":true,"href":"https:\/\/plazajuarez.mx\/historico\/wp-json\/wp\/v2\/categories?post=289782"},{"taxonomy":"post_tag","embeddable":true,"href":"https:\/\/plazajuarez.mx\/historico\/wp-json\/wp\/v2\/tags?post=289782"}],"curies":[{"name":"wp","href":"https:\/\/api.w.org\/{rel}","templated":true}]}}