{"id":289775,"date":"2023-11-23T00:49:03","date_gmt":"2023-11-23T06:49:03","guid":{"rendered":"https:\/\/plazajuarez.mx\/?p=289775"},"modified":"2023-11-23T00:49:09","modified_gmt":"2023-11-23T06:49:09","slug":"celebran-reunion-para-fortalecer-seguridad-en-la-region-tula","status":"publish","type":"post","link":"https:\/\/plazajuarez.mx\/historico\/celebran-reunion-para-fortalecer-seguridad-en-la-region-tula\/","title":{"rendered":"Celebran reuni\u00f3n para\u00a0fortalecer seguridad en la regi\u00f3n Tula"},"content":{"rendered":"\n<p>Evaluaron estrategias para combate a la delincuencia y puntos a fortalecer, para garantizar el orden<\/p>\n\n\n\n<p>La Secretar\u00eda de Seguridad P\u00fablica de Hidalgo, emiti\u00f3 un comunicado para dar a conocer que el titular de la corporaci\u00f3n, Salvador Cruz Neri, acompa\u00f1ado del secretario de Gobierno Guillermo Olivares Reyna y el encargado del Despacho de la Procuradur\u00eda General de Justicia de Hidalgo, Santiago Nieto Castillo, realizaron una reuni\u00f3n, para fortalecer la seguridad en la regi\u00f3n Tula.<\/p>\n\n\n\n<p>En la informaci\u00f3n oficial, se destaca que se llev\u00f3 a cabo la Reuni\u00f3n de Fortalecimiento a las Instituciones de Seguridad P\u00fablica Municipal en la regi\u00f3n Tula, donde se evaluaron las estrategias implementadas por las autoridades locales en el combate a la delincuencia y de puntos a fortalecer para garantizar el orden y paz social a la ciudadan\u00eda de esa demarcaci\u00f3n hidalguense.&nbsp;<\/p>\n\n\n\n<p>As\u00ed mismo, se estableci\u00f3 que durante la mesa de trabajo, el comisario general Salvador Cruz Neri, record\u00f3 que el trabajo en conjunto permite agilizar y mejorar las acciones de prevenci\u00f3n y combate al delito en todo el estado.<\/p>\n\n\n\n<p>Se solicit\u00f3 a la ciudadan\u00eda colaborar con las labores para lograr una mayor seguridad, denunciando cualquier actividad il\u00edcita o contingencia, a los tel\u00e9fonos de Emergencias 911 y de Denuncia An\u00f3nima 089.<\/p>\n","protected":false},"excerpt":{"rendered":"<p>Evaluaron estrategias para combate a la delincuencia y puntos a fortalecer, para garantizar el orden La Secretar\u00eda de Seguridad P\u00fablica de Hidalgo, emiti\u00f3 un comunicado para dar a conocer que el titular de la corporaci\u00f3n, Salvador Cruz Neri, acompa\u00f1ado del secretario de Gobierno Guillermo Olivares Reyna y el encargado del Despacho de la Procuradur\u00eda General [&hellip;]<\/p>\n","protected":false},"author":93,"featured_media":289776,"comment_status":"closed","ping_status":"closed","sticky":false,"template":"","format":"standard","meta":{"footnotes":""},"categories":[37],"tags":[],"class_list":["post-289775","post","type-post","status-publish","format-standard","has-post-thumbnail","hentry","category-barandilla"],"_links":{"self":[{"href":"https:\/\/plazajuarez.mx\/historico\/wp-json\/wp\/v2\/posts\/289775","targetHints":{"allow":["GET"]}}],"collection":[{"href":"https:\/\/plazajuarez.mx\/historico\/wp-json\/wp\/v2\/posts"}],"about":[{"href":"https:\/\/plazajuarez.mx\/historico\/wp-json\/wp\/v2\/types\/post"}],"author":[{"embeddable":true,"href":"https:\/\/plazajuarez.mx\/historico\/wp-json\/wp\/v2\/users\/93"}],"replies":[{"embeddable":true,"href":"https:\/\/plazajuarez.mx\/historico\/wp-json\/wp\/v2\/comments?post=289775"}],"version-history":[{"count":0,"href":"https:\/\/plazajuarez.mx\/historico\/wp-json\/wp\/v2\/posts\/289775\/revisions"}],"wp:featuredmedia":[{"embeddable":true,"href":"https:\/\/plazajuarez.mx\/historico\/wp-json\/wp\/v2\/media\/289776"}],"wp:attachment":[{"href":"https:\/\/plazajuarez.mx\/historico\/wp-json\/wp\/v2\/media?parent=289775"}],"wp:term":[{"taxonomy":"category","embeddable":true,"href":"https:\/\/plazajuarez.mx\/historico\/wp-json\/wp\/v2\/categories?post=289775"},{"taxonomy":"post_tag","embeddable":true,"href":"https:\/\/plazajuarez.mx\/historico\/wp-json\/wp\/v2\/tags?post=289775"}],"curies":[{"name":"wp","href":"https:\/\/api.w.org\/{rel}","templated":true}]}}