{"id":289412,"date":"2023-11-20T01:18:09","date_gmt":"2023-11-20T07:18:09","guid":{"rendered":"https:\/\/plazajuarez.mx\/?p=289412"},"modified":"2023-11-20T01:18:12","modified_gmt":"2023-11-20T07:18:12","slug":"tamaulipas-sede-del-xxvii-festival-de-la-huasteca-en-2024","status":"publish","type":"post","link":"https:\/\/plazajuarez.mx\/historico\/tamaulipas-sede-del-xxvii-festival-de-la-huasteca-en-2024\/","title":{"rendered":"Tamaulipas, sede del XXVII Festival de la Huasteca en 2024"},"content":{"rendered":"\n<p>Este domingo, la secretaria de Cultura de Hidalgo, Tania Meza Escorza, entreg\u00f3 el Bast\u00f3n de Mando del Festival de la Huasteca a Gustavo Ram\u00edrez Castillo, director de Patrimonio Cultural e Hist\u00f3rico del Instituto Tamaulipeco para la Cultura y las Artes, para dar a conocer que el estado de Tamaulipas ser\u00e1 la sede de la edici\u00f3n XXVII.&nbsp;<\/p>\n\n\n\n<p>Previo a la ceremonia, la titular de Cultura estatal otorg\u00f3 un reconocimiento y agradeci\u00f3 a las delegaciones de Hidalgo, Puebla, Quer\u00e9taro, San Luis Potos\u00ed, Tamaulipas y Veracruz por su participaci\u00f3n en la exitosa edici\u00f3n XXVI con sede en los ocho municipios que conforman la Huasteca hidalguense.&nbsp;<\/p>\n\n\n\n<p>\u201cTrabajamos muy duro todo un a\u00f1o para que fuera un evento espectacular, gracias a los equipos de trabajo, pero principalmente a las y los artistas de los seis estados de las Huastecas de nuestro pa\u00eds, agradezco tambi\u00e9n a todo el pueblo de la Huasteca hidalguense a nombre del gobernador Julio Menchaca Salazar y nos vemos en Tamaulipas en 2024\u201d, coment\u00f3 la funcionaria.&nbsp;<\/p>\n\n\n\n<p>Con un monto federal de 800 mil pesos del Programa de Apoyos a Festivales (Profest), de la Secretar\u00eda de Cultura del Gobierno de M\u00e9xico, as\u00ed como un mill\u00f3n 200 mil pesos del Gobierno de Hidalgo y 2 millones de inversi\u00f3n municipal, se llevaron a cabo m\u00e1s de 150 actividades enfocadas al rescate del patrimonio como danzas, cocina tradicional, conferencias, talleres, exposiciones, medicina tradicional, muestra artesanal y m\u00fasica, con la participaci\u00f3n de 27 tr\u00edos y 15 bandas de viento, adem\u00e1s de 11 talleres, 11 presentaciones de libros, 10 danzas tradicionales, 10 conferencias, siete presentaciones discogr\u00e1ficas y cuatro proyecciones de documentales.<\/p>\n\n\n\n<p>Asimismo, para brindar un espacio de expresi\u00f3n art\u00edstica y cultural se prepararon tres exposiciones en el atrio de la iglesia, la plaza principal y el quiosco: la colectiva <em>La Huasteca Hidalguense. Una mirada de sus creadores<\/em>, la muestra de carteles del concurso de imagen para 2023 y la fotogr\u00e1fica <em>Los colores de mi tierra<\/em>.<\/p>\n\n\n\n<p>Esta edici\u00f3n tuvo como objetivo resaltar los saberes y manifestaciones culturales de la regi\u00f3n Huasteca, como la Danza del Palo volador, que cuenta con una declaratoria de Patrimonio Cultural Inmaterial de la Humanidad UNESCO (2009) y es originaria de Jaltoc\u00e1n que este domingo tuvo su jornada de actividades.&nbsp;<\/p>\n\n\n\n<p>El Festival es parte del Programa de Desarrollo Cultural de la Huasteca, una estrategia nacional para promover la cultura de las comunidades que esta regi\u00f3n comprende, as\u00ed como la conservaci\u00f3n del patrimonio cultural material como los sitios arqueol\u00f3gicos y la diversidad de monumentos hist\u00f3ricos que se han heredado.<\/p>\n","protected":false},"excerpt":{"rendered":"<p>Este domingo, la secretaria de Cultura de Hidalgo, Tania Meza Escorza, entreg\u00f3 el Bast\u00f3n de Mando del Festival de la Huasteca a Gustavo Ram\u00edrez Castillo, director de Patrimonio Cultural e Hist\u00f3rico del Instituto Tamaulipeco para la Cultura y las Artes, para dar a conocer que el estado de Tamaulipas ser\u00e1 la sede de la edici\u00f3n [&hellip;]<\/p>\n","protected":false},"author":93,"featured_media":289413,"comment_status":"closed","ping_status":"closed","sticky":false,"template":"","format":"standard","meta":{"footnotes":""},"categories":[41],"tags":[],"class_list":["post-289412","post","type-post","status-publish","format-standard","has-post-thumbnail","hentry","category-arteria-cultural"],"_links":{"self":[{"href":"https:\/\/plazajuarez.mx\/historico\/wp-json\/wp\/v2\/posts\/289412","targetHints":{"allow":["GET"]}}],"collection":[{"href":"https:\/\/plazajuarez.mx\/historico\/wp-json\/wp\/v2\/posts"}],"about":[{"href":"https:\/\/plazajuarez.mx\/historico\/wp-json\/wp\/v2\/types\/post"}],"author":[{"embeddable":true,"href":"https:\/\/plazajuarez.mx\/historico\/wp-json\/wp\/v2\/users\/93"}],"replies":[{"embeddable":true,"href":"https:\/\/plazajuarez.mx\/historico\/wp-json\/wp\/v2\/comments?post=289412"}],"version-history":[{"count":0,"href":"https:\/\/plazajuarez.mx\/historico\/wp-json\/wp\/v2\/posts\/289412\/revisions"}],"wp:featuredmedia":[{"embeddable":true,"href":"https:\/\/plazajuarez.mx\/historico\/wp-json\/wp\/v2\/media\/289413"}],"wp:attachment":[{"href":"https:\/\/plazajuarez.mx\/historico\/wp-json\/wp\/v2\/media?parent=289412"}],"wp:term":[{"taxonomy":"category","embeddable":true,"href":"https:\/\/plazajuarez.mx\/historico\/wp-json\/wp\/v2\/categories?post=289412"},{"taxonomy":"post_tag","embeddable":true,"href":"https:\/\/plazajuarez.mx\/historico\/wp-json\/wp\/v2\/tags?post=289412"}],"curies":[{"name":"wp","href":"https:\/\/api.w.org\/{rel}","templated":true}]}}