{"id":289060,"date":"2023-11-15T10:15:53","date_gmt":"2023-11-15T16:15:53","guid":{"rendered":"https:\/\/plazajuarez.mx\/?p=289060"},"modified":"2023-11-15T10:28:15","modified_gmt":"2023-11-15T16:28:15","slug":"reportaron-el-hallazgo-de-un-cadaver-decapitado-y-envuelto-en-una-cobija","status":"publish","type":"post","link":"https:\/\/plazajuarez.mx\/historico\/reportaron-el-hallazgo-de-un-cadaver-decapitado-y-envuelto-en-una-cobija\/","title":{"rendered":"Reportaron el hallazgo de un cad\u00e1ver decapitado y envuelto en una cobija"},"content":{"rendered":"\n<p>Esta ma\u00f1ana de mi\u00e9rcoles, poco antes de las 09:00 horas, vecinos del municipio de Atotonilco de Tula, reportaron al 911 de Emergencias, sobre el hallazgo de un cad\u00e1ver decapitado y envuelto en una cobija, lo que gener\u00f3 una intensa movilizaci\u00f3n policiaca y alarm\u00f3 a padres de familia as\u00ed como alumnos de la secundaria t\u00e9cnicas y personas que deambulaban por el lugar.<\/p>\n\n\n\n<p>La informaci\u00f3n al respecto, detalla que fue en la colonia El Palomito, cerca del campo de f\u00fatbol de la localidad de conejos segunda secci\u00f3n precisamente en la calle Bel\u00e9n, d\u00f3nde se tuvo a la vista El cad\u00e1ver de una persona del g\u00e9nero masculino sin cabeza, maniatado y envuelto en una cobija.<\/p>\n\n\n\n<p>En la escena del macabro hallazgo, se tuvo la asistencia de elementos de la Polic\u00eda Municipal de Atotonilco de Tula, as\u00ed como oficiales de la Polic\u00eda del Estado, adem\u00e1s de param\u00e9dicos de Protecci\u00f3n Civil Municipal, que tomaron conocimiento de los hechos y certificaron el deceso del infortunado respectivamente.<\/p>\n\n\n\n<p>Para preservar los indicios y evitar la contaminaci\u00f3n de la escena del hallazgo, los guardianes de la ley, procedieron a acordonar el \u00e1rea para permitir las actuaciones correspondientes.<\/p>\n\n\n\n<p>Finalmente, se dio intervenci\u00f3n a la Procuradur\u00eda General de Justicia del estado de Hidalgo, cuyo personal acudi\u00f3 a dar fe de lo acontecido, a realizar el levantamiento y traslado del cad\u00e1ver al servicio m\u00e9dico forense y a dar inicio a la carpeta de investigaci\u00f3n, donde se describieron los pormenores del macabro\u00a0hallazgo.<\/p>\n","protected":false},"excerpt":{"rendered":"<p>Esta ma\u00f1ana de mi\u00e9rcoles, poco antes de las 09:00 horas, vecinos del municipio de Atotonilco de Tula, reportaron al 911 de Emergencias, sobre el hallazgo de un cad\u00e1ver decapitado y envuelto en una cobija, lo que gener\u00f3 una intensa movilizaci\u00f3n policiaca y alarm\u00f3 a padres de familia as\u00ed como alumnos de la secundaria t\u00e9cnicas y [&hellip;]<\/p>\n","protected":false},"author":93,"featured_media":289063,"comment_status":"closed","ping_status":"closed","sticky":false,"template":"","format":"standard","meta":{"footnotes":""},"categories":[37,15],"tags":[],"class_list":["post-289060","post","type-post","status-publish","format-standard","has-post-thumbnail","hentry","category-barandilla","category-destacadas"],"_links":{"self":[{"href":"https:\/\/plazajuarez.mx\/historico\/wp-json\/wp\/v2\/posts\/289060","targetHints":{"allow":["GET"]}}],"collection":[{"href":"https:\/\/plazajuarez.mx\/historico\/wp-json\/wp\/v2\/posts"}],"about":[{"href":"https:\/\/plazajuarez.mx\/historico\/wp-json\/wp\/v2\/types\/post"}],"author":[{"embeddable":true,"href":"https:\/\/plazajuarez.mx\/historico\/wp-json\/wp\/v2\/users\/93"}],"replies":[{"embeddable":true,"href":"https:\/\/plazajuarez.mx\/historico\/wp-json\/wp\/v2\/comments?post=289060"}],"version-history":[{"count":0,"href":"https:\/\/plazajuarez.mx\/historico\/wp-json\/wp\/v2\/posts\/289060\/revisions"}],"wp:featuredmedia":[{"embeddable":true,"href":"https:\/\/plazajuarez.mx\/historico\/wp-json\/wp\/v2\/media\/289063"}],"wp:attachment":[{"href":"https:\/\/plazajuarez.mx\/historico\/wp-json\/wp\/v2\/media?parent=289060"}],"wp:term":[{"taxonomy":"category","embeddable":true,"href":"https:\/\/plazajuarez.mx\/historico\/wp-json\/wp\/v2\/categories?post=289060"},{"taxonomy":"post_tag","embeddable":true,"href":"https:\/\/plazajuarez.mx\/historico\/wp-json\/wp\/v2\/tags?post=289060"}],"curies":[{"name":"wp","href":"https:\/\/api.w.org\/{rel}","templated":true}]}}