{"id":289048,"date":"2023-11-15T08:29:01","date_gmt":"2023-11-15T14:29:01","guid":{"rendered":"https:\/\/plazajuarez.mx\/?p=289048"},"modified":"2023-11-15T08:29:03","modified_gmt":"2023-11-15T14:29:03","slug":"comerciantes-de-ixmiquilpan-impiden-al-ayuntamiento-recuperar-el-mercado-municipal","status":"publish","type":"post","link":"https:\/\/plazajuarez.mx\/historico\/comerciantes-de-ixmiquilpan-impiden-al-ayuntamiento-recuperar-el-mercado-municipal\/","title":{"rendered":"Comerciantes de Ixmiquilpan impiden al Ayuntamiento recuperar el Mercado Municipal"},"content":{"rendered":"\n<p class=\"wp-block-paragraph\">IXMIQUILPAN.- Un grupo de comerciantes del mercado Morelos, impidieron que funcionarios del \u00e1rea de reglamentos de la presidencia municipal, tomaran posesi\u00f3n de las instalaciones de este. Seg\u00fan la presidencia municipal, la presencia de los funcionarios de la alcald\u00eda, fue en raz\u00f3n de llevar a cabo una inspecci\u00f3n en el mercado municipal de Ixmiquilpan, sin embargo un grupo de personas impidi\u00f3 su realizaci\u00f3n. <\/p>\n\n\n\n<p class=\"wp-block-paragraph\">El \u00e1rea de reglamentos, tiene bajo su resguardo el mercado, pero ante los hechos de violencia, no se pudo hacer la inspecci\u00f3n y se procedi\u00f3 a retirar a los trabajadores que acompa\u00f1aron el contingente.<\/p>\n\n\n\n<p class=\"wp-block-paragraph\">\u201cAl momento de llegar a las instalaciones del Mercado Morelos, fueron recibidos con agresiones f\u00edsicas y verbales\u201d, la presidencia dijo, que para garantizar y salvaguardar la integridad de los trabajadores, se suspendieron estas acciones. \u201cSin embargo, continuar\u00e1 por las v\u00edas legales este proceso jur\u00eddico en contra de la corrupci\u00f3n y quienes la promueven\u201d, se\u00f1al\u00f3 la alcald\u00eda. <\/p>\n\n\n\n<p class=\"wp-block-paragraph\">Agreg\u00f3, que el Mercado Morelos que es de todos los ixmiquilpenses, sea remodelado o pintado, debe cumplir con las leyes sanitarias y normas de higiene, para brindar un buen servicio a toda la poblaci\u00f3n.<\/p>\n","protected":false},"excerpt":{"rendered":"<p>IXMIQUILPAN.- Un grupo de comerciantes del mercado Morelos, impidieron que funcionarios del \u00e1rea de reglamentos de la presidencia municipal, tomaran posesi\u00f3n de las instalaciones de este. Seg\u00fan la presidencia municipal, la presencia de los funcionarios de la alcald\u00eda, fue en raz\u00f3n de llevar a cabo una inspecci\u00f3n en el mercado municipal de Ixmiquilpan, sin embargo [&hellip;]<\/p>\n","protected":false},"author":75,"featured_media":289042,"comment_status":"closed","ping_status":"closed","sticky":false,"template":"","format":"standard","meta":{"footnotes":""},"categories":[2159,40],"tags":[],"class_list":["post-289048","post","type-post","status-publish","format-standard","has-post-thumbnail","hentry","category-noticias-de-hidalgo","category-region"],"_links":{"self":[{"href":"https:\/\/plazajuarez.mx\/historico\/wp-json\/wp\/v2\/posts\/289048","targetHints":{"allow":["GET"]}}],"collection":[{"href":"https:\/\/plazajuarez.mx\/historico\/wp-json\/wp\/v2\/posts"}],"about":[{"href":"https:\/\/plazajuarez.mx\/historico\/wp-json\/wp\/v2\/types\/post"}],"author":[{"embeddable":true,"href":"https:\/\/plazajuarez.mx\/historico\/wp-json\/wp\/v2\/users\/75"}],"replies":[{"embeddable":true,"href":"https:\/\/plazajuarez.mx\/historico\/wp-json\/wp\/v2\/comments?post=289048"}],"version-history":[{"count":0,"href":"https:\/\/plazajuarez.mx\/historico\/wp-json\/wp\/v2\/posts\/289048\/revisions"}],"wp:featuredmedia":[{"embeddable":true,"href":"https:\/\/plazajuarez.mx\/historico\/wp-json\/wp\/v2\/media\/289042"}],"wp:attachment":[{"href":"https:\/\/plazajuarez.mx\/historico\/wp-json\/wp\/v2\/media?parent=289048"}],"wp:term":[{"taxonomy":"category","embeddable":true,"href":"https:\/\/plazajuarez.mx\/historico\/wp-json\/wp\/v2\/categories?post=289048"},{"taxonomy":"post_tag","embeddable":true,"href":"https:\/\/plazajuarez.mx\/historico\/wp-json\/wp\/v2\/tags?post=289048"}],"curies":[{"name":"wp","href":"https:\/\/api.w.org\/{rel}","templated":true}]}}