{"id":289046,"date":"2023-11-15T08:27:04","date_gmt":"2023-11-15T14:27:04","guid":{"rendered":"https:\/\/plazajuarez.mx\/?p=289046"},"modified":"2023-11-15T08:27:06","modified_gmt":"2023-11-15T14:27:06","slug":"promueven-prevencion-de-la-diabetes-en-menores-de-edad","status":"publish","type":"post","link":"https:\/\/plazajuarez.mx\/historico\/promueven-prevencion-de-la-diabetes-en-menores-de-edad\/","title":{"rendered":"Promueven prevenci\u00f3n de la diabetes en menores de edad"},"content":{"rendered":"\n<p class=\"wp-block-paragraph\">TULANCINGO.- Alumnos de diversas instituciones educativas, tanto del sector privado como p\u00fablico, del municipio de Tulancingo, participaron la ma\u00f1ana de ayer en el evento con motivo del D\u00eda Internacional de la Diabetes, con la intenci\u00f3n de concientizar a la ciudadan\u00eda sobre las consecuencias del consumo excesivo del az\u00facar y alimentos procesados o chatarras. El evento estuvo encabezado por el presidente municipal Jorge M\u00e1rquez Alvarado, as\u00ed como la subsecretaria de salud del estado de Hidalgo, Alma Lidia de la Vega S\u00e1nchez. <\/p>\n\n\n\n<p class=\"wp-block-paragraph\">Las autoridades manifestaron que la diabetes ocasiona diversas complicaciones como ceguera o retinopat\u00eda diab\u00e9tica; enfermedades renales, o la neuropat\u00eda diab\u00e9tica que puede terminar en amputaciones. Manifestaron que este es un problema grande a nivel mundial, ya que se ha extendido en todos los continentes, por lo que es considerada como una pandemia. <\/p>\n\n\n\n<p class=\"wp-block-paragraph\">Dijeron que este d\u00eda no es un acto para celebrar, sino un llamado a la acci\u00f3n de todas las instituciones, de la sociedad civil, de las instancias p\u00fablicas y privadas de salud, de los pacientes, de quienes no viven a\u00fan con la condici\u00f3n pero existe riesgo de desarrollarla, de quienes toman decisiones p\u00fablicas en salud. Es un llamado a la acci\u00f3n porque Hidalgo tuvo el tercer lugar el pasado 2018 de prevalencia de diabetes a nivel nacional. <\/p>\n\n\n\n<p class=\"wp-block-paragraph\">\u201cLa diabetes es un enemigo del pueblo mexicano, ya que en el estado de Hidalgo, m\u00e1s de 250 mil personas viven con diabetes. Eso quiere decir que entre los mayores de 20 a\u00f1os, uno de cada 10, seguramente tienen esta enfermedad. Por eso es tan importante decirles a las ni\u00f1as y a los ni\u00f1os que se cuiden desde peque\u00f1os. <\/p>\n\n\n\n<p class=\"wp-block-paragraph\">Hay que eliminar de nuestra dieta los az\u00facares refinados como jugos de lata y botecitos, los dulces, refrescos; eso como primera parte, desde chicos tenemos que aprender a comer\u201d, se\u00f1al\u00f3 la subsecretaria De la Vega.<\/p>\n","protected":false},"excerpt":{"rendered":"<p>TULANCINGO.- Alumnos de diversas instituciones educativas, tanto del sector privado como p\u00fablico, del municipio de Tulancingo, participaron la ma\u00f1ana de ayer en el evento con motivo del D\u00eda Internacional de la Diabetes, con la intenci\u00f3n de concientizar a la ciudadan\u00eda sobre las consecuencias del consumo excesivo del az\u00facar y alimentos procesados o chatarras. El evento [&hellip;]<\/p>\n","protected":false},"author":70,"featured_media":289043,"comment_status":"closed","ping_status":"closed","sticky":false,"template":"","format":"standard","meta":{"footnotes":""},"categories":[2159,40],"tags":[],"class_list":["post-289046","post","type-post","status-publish","format-standard","has-post-thumbnail","hentry","category-noticias-de-hidalgo","category-region"],"_links":{"self":[{"href":"https:\/\/plazajuarez.mx\/historico\/wp-json\/wp\/v2\/posts\/289046","targetHints":{"allow":["GET"]}}],"collection":[{"href":"https:\/\/plazajuarez.mx\/historico\/wp-json\/wp\/v2\/posts"}],"about":[{"href":"https:\/\/plazajuarez.mx\/historico\/wp-json\/wp\/v2\/types\/post"}],"author":[{"embeddable":true,"href":"https:\/\/plazajuarez.mx\/historico\/wp-json\/wp\/v2\/users\/70"}],"replies":[{"embeddable":true,"href":"https:\/\/plazajuarez.mx\/historico\/wp-json\/wp\/v2\/comments?post=289046"}],"version-history":[{"count":0,"href":"https:\/\/plazajuarez.mx\/historico\/wp-json\/wp\/v2\/posts\/289046\/revisions"}],"wp:featuredmedia":[{"embeddable":true,"href":"https:\/\/plazajuarez.mx\/historico\/wp-json\/wp\/v2\/media\/289043"}],"wp:attachment":[{"href":"https:\/\/plazajuarez.mx\/historico\/wp-json\/wp\/v2\/media?parent=289046"}],"wp:term":[{"taxonomy":"category","embeddable":true,"href":"https:\/\/plazajuarez.mx\/historico\/wp-json\/wp\/v2\/categories?post=289046"},{"taxonomy":"post_tag","embeddable":true,"href":"https:\/\/plazajuarez.mx\/historico\/wp-json\/wp\/v2\/tags?post=289046"}],"curies":[{"name":"wp","href":"https:\/\/api.w.org\/{rel}","templated":true}]}}