{"id":288963,"date":"2023-11-14T18:39:23","date_gmt":"2023-11-15T00:39:23","guid":{"rendered":"https:\/\/plazajuarez.mx\/?p=288963"},"modified":"2023-11-14T18:39:25","modified_gmt":"2023-11-15T00:39:25","slug":"residente-j-balvin-manuel-turizo-y-bizarrap-se-presentaran-en-un-festival-en-costa-rica","status":"publish","type":"post","link":"https:\/\/plazajuarez.mx\/historico\/residente-j-balvin-manuel-turizo-y-bizarrap-se-presentaran-en-un-festival-en-costa-rica\/","title":{"rendered":"Residente, J Balvin, Manuel Turizo y Bizarrap se presentar\u00e1n en un festival en Costa Rica"},"content":{"rendered":"\n<p>El Festival Pic-Nic Centroam\u00e9rica, que se llevar\u00e1 a cabo en Costa Rica el 10 y el 17 de febrero pr\u00f3ximo, reunir\u00e1 a reconocidos cantantes latinoamericanos como Residente, Manuel Turizo, Bizarrap y J Balvin, junto a otros exponentes internacionales como Shaggy y Whiz Khalifa.<\/p>\n\n\n\n<p>El evento, que se llevar\u00e1 a cabo en el Centro de Eventos Pedregal, a unos 15 kil\u00f3metros al oeste de San Jos\u00e9, busca consolidarse como &#8220;el festival de Centroam\u00e9rica, el festival de nuestra regi\u00f3n&#8221;, dijo en conferencia de prensa el productor del evento, Adri\u00e1n Guti\u00e9rrez.<\/p>\n\n\n\n<p>El productor afirm\u00f3 que &#8220;tenemos uno de los mejores &#8216;line ups&#8217; (listado de artistas) que va a haber en Latinoam\u00e9rica el otro a\u00f1o&#8221; y que eso demuestra el crecimiento que ha tenido el evento durante los \u00faltimos a\u00f1os.<\/p>\n\n\n\n<p>El festival combinar\u00e1 g\u00e9neros como el rap, el reguet\u00f3n, el roots, la m\u00fasica electr\u00f3nica, el ska, la m\u00fasica ranchera y hasta la rom\u00e1ntica.<\/p>\n\n\n\n<p>Para el 10 de febrero la lista de artistas la encabeza Residente, junto a otros aristas como Arcangel, Bizarrap, Manuel Turizo, Nicki Nicole, Julieta Venegas y Los Cafres, adem\u00e1s de Shaggy, Whiz Khalifa, Tokischa y Steel Pulse.<\/p>\n\n\n\n<p>La segunda jornada de conciertos se realizar\u00e1 el 17 de febrero con la participaci\u00f3n de artistas como J Balvin, Alejandro Fern\u00e1ndez, Myke Towers, Los Autenticos Decadentes, David Bisbal, Los Pericos, Paul Van Dyk, Le\u00f3n Lerregui y Rawayana, entre otros.<\/p>\n\n\n\n<p>En total, durante el festival se presentar\u00e1n alrededor de 60 artistas locales e internacionales.<\/p>\n\n\n\n<p>Los boletos se comenzar\u00e1n a vender este mi\u00e9rcoles 15 de noviembre y los precios comienzan en unos 110 d\u00f3lares.<\/p>\n","protected":false},"excerpt":{"rendered":"<p>El Festival Pic-Nic Centroam\u00e9rica, que se llevar\u00e1 a cabo en Costa Rica el 10 y el 17 de febrero pr\u00f3ximo, reunir\u00e1 a reconocidos cantantes latinoamericanos como Residente, Manuel Turizo, Bizarrap y J Balvin, junto a otros exponentes internacionales como Shaggy y Whiz Khalifa. El evento, que se llevar\u00e1 a cabo en el Centro de Eventos [&hellip;]<\/p>\n","protected":false},"author":80,"featured_media":288964,"comment_status":"closed","ping_status":"closed","sticky":false,"template":"","format":"standard","meta":{"footnotes":""},"categories":[38],"tags":[],"class_list":["post-288963","post","type-post","status-publish","format-standard","has-post-thumbnail","hentry","category-show"],"_links":{"self":[{"href":"https:\/\/plazajuarez.mx\/historico\/wp-json\/wp\/v2\/posts\/288963","targetHints":{"allow":["GET"]}}],"collection":[{"href":"https:\/\/plazajuarez.mx\/historico\/wp-json\/wp\/v2\/posts"}],"about":[{"href":"https:\/\/plazajuarez.mx\/historico\/wp-json\/wp\/v2\/types\/post"}],"author":[{"embeddable":true,"href":"https:\/\/plazajuarez.mx\/historico\/wp-json\/wp\/v2\/users\/80"}],"replies":[{"embeddable":true,"href":"https:\/\/plazajuarez.mx\/historico\/wp-json\/wp\/v2\/comments?post=288963"}],"version-history":[{"count":0,"href":"https:\/\/plazajuarez.mx\/historico\/wp-json\/wp\/v2\/posts\/288963\/revisions"}],"wp:featuredmedia":[{"embeddable":true,"href":"https:\/\/plazajuarez.mx\/historico\/wp-json\/wp\/v2\/media\/288964"}],"wp:attachment":[{"href":"https:\/\/plazajuarez.mx\/historico\/wp-json\/wp\/v2\/media?parent=288963"}],"wp:term":[{"taxonomy":"category","embeddable":true,"href":"https:\/\/plazajuarez.mx\/historico\/wp-json\/wp\/v2\/categories?post=288963"},{"taxonomy":"post_tag","embeddable":true,"href":"https:\/\/plazajuarez.mx\/historico\/wp-json\/wp\/v2\/tags?post=288963"}],"curies":[{"name":"wp","href":"https:\/\/api.w.org\/{rel}","templated":true}]}}