{"id":288940,"date":"2023-11-14T11:41:07","date_gmt":"2023-11-14T17:41:07","guid":{"rendered":"https:\/\/plazajuarez.mx\/?p=288940"},"modified":"2023-11-14T11:41:09","modified_gmt":"2023-11-14T17:41:09","slug":"biden-lanza-un-mensaje-a-los-rehenes-de-hamas-aguanten-ya-vamos","status":"publish","type":"post","link":"https:\/\/plazajuarez.mx\/historico\/biden-lanza-un-mensaje-a-los-rehenes-de-hamas-aguanten-ya-vamos\/","title":{"rendered":"Biden lanza un mensaje a los rehenes de Ham\u00e1s: &#8220;Aguanten, ya vamos&#8221;"},"content":{"rendered":"\n<p class=\"wp-block-paragraph\">El presidente de Estados Unidos, Joe Biden, se mostr\u00f3 este martes convencido de que se lograr\u00e1 la liberaci\u00f3n de los rehenes de Ham\u00e1s en Gaza y les lanz\u00f3 un mensaje: &#8220;Aguanten, ya vamos&#8221;.<\/p>\n\n\n\n<p class=\"wp-block-paragraph\">As\u00ed se expres\u00f3 al ser preguntado por los reporteros en la Casa Blanca sobre qu\u00e9 mensaje le gustar\u00eda transmitir a los secuestrados y a sus familiares.<\/p>\n\n\n\n<p class=\"wp-block-paragraph\">Biden asegur\u00f3 que mantiene contactos diarios con personas involucradas en la negociaci\u00f3n con la milicia palestina y destac\u00f3 que la liberaci\u00f3n de los rehenes &#8220;va a ocurrir&#8221;, aunque descart\u00f3 &#8220;entrar en detalles&#8221;.<\/p>\n\n\n\n<p class=\"wp-block-paragraph\">El lunes, el presidente explic\u00f3 que tiene conversaciones con Israel para lograr una &#8220;pausa&#8221; humanitaria en los combates en Gaza y la &#8220;liberaci\u00f3n de los prisioneros&#8221; de Ham\u00e1s, en un proceso en el que est\u00e1 mediando Catar.<\/p>\n\n\n\n<p class=\"wp-block-paragraph\">Las milicias palestinas de Gaza secuestraron a m\u00e1s de 240 personas el pasado 7 de octubre, cuando perpetraron el brutal ataque en suelo israel\u00ed en el que mataron a unas 1.200 personas.<\/p>\n\n\n\n<p class=\"wp-block-paragraph\">Desde entonces, los ataques de represalia israel\u00edes -por aire, mar y tierra- han dejado m\u00e1s de 11.180 muertos, 28.200 heridos, 3.000 desaparecidos y m\u00e1s de 1,5 millones de desplazados en Gaza.<\/p>\n\n\n\n<p class=\"wp-block-paragraph\">El portavoz de las Brigadas Al Qasam, brazo armado de Ham\u00e1s, acus\u00f3 el lunes a Israel de &#8220;demorarse&#8221; a la hora de llegar a un acuerdo para un intercambio de rehenes israel\u00edes por presos palestinos, e indic\u00f3 que un pacto estuvo a punto de lograrse a trav\u00e9s de los mediadores catar\u00edes.<\/p>\n","protected":false},"excerpt":{"rendered":"<p>El presidente de Estados Unidos, Joe Biden, se mostr\u00f3 este martes convencido de que se lograr\u00e1 la liberaci\u00f3n de los rehenes de Ham\u00e1s en Gaza y les lanz\u00f3 un mensaje: &#8220;Aguanten, ya vamos&#8221;. As\u00ed se expres\u00f3 al ser preguntado por los reporteros en la Casa Blanca sobre qu\u00e9 mensaje le gustar\u00eda transmitir a los secuestrados [&hellip;]<\/p>\n","protected":false},"author":80,"featured_media":288941,"comment_status":"closed","ping_status":"closed","sticky":false,"template":"","format":"standard","meta":{"footnotes":""},"categories":[31],"tags":[],"class_list":["post-288940","post","type-post","status-publish","format-standard","has-post-thumbnail","hentry","category-orbe"],"_links":{"self":[{"href":"https:\/\/plazajuarez.mx\/historico\/wp-json\/wp\/v2\/posts\/288940","targetHints":{"allow":["GET"]}}],"collection":[{"href":"https:\/\/plazajuarez.mx\/historico\/wp-json\/wp\/v2\/posts"}],"about":[{"href":"https:\/\/plazajuarez.mx\/historico\/wp-json\/wp\/v2\/types\/post"}],"author":[{"embeddable":true,"href":"https:\/\/plazajuarez.mx\/historico\/wp-json\/wp\/v2\/users\/80"}],"replies":[{"embeddable":true,"href":"https:\/\/plazajuarez.mx\/historico\/wp-json\/wp\/v2\/comments?post=288940"}],"version-history":[{"count":0,"href":"https:\/\/plazajuarez.mx\/historico\/wp-json\/wp\/v2\/posts\/288940\/revisions"}],"wp:featuredmedia":[{"embeddable":true,"href":"https:\/\/plazajuarez.mx\/historico\/wp-json\/wp\/v2\/media\/288941"}],"wp:attachment":[{"href":"https:\/\/plazajuarez.mx\/historico\/wp-json\/wp\/v2\/media?parent=288940"}],"wp:term":[{"taxonomy":"category","embeddable":true,"href":"https:\/\/plazajuarez.mx\/historico\/wp-json\/wp\/v2\/categories?post=288940"},{"taxonomy":"post_tag","embeddable":true,"href":"https:\/\/plazajuarez.mx\/historico\/wp-json\/wp\/v2\/tags?post=288940"}],"curies":[{"name":"wp","href":"https:\/\/api.w.org\/{rel}","templated":true}]}}