{"id":2888,"date":"2015-03-27T06:00:00","date_gmt":"2015-03-27T06:00:00","guid":{"rendered":"http:\/\/plazajuarez.mx\/index\/index.php\/2015\/03\/27\/alfil-negro-45\/"},"modified":"2015-03-27T06:00:00","modified_gmt":"2015-03-27T06:00:00","slug":"alfil-negro-45","status":"publish","type":"post","link":"https:\/\/plazajuarez.mx\/historico\/alfil-negro-45\/","title":{"rendered":"ALFIL NEGRO"},"content":{"rendered":"<p><strong>*2016 EL A\u00d1O DE LAS VACAS FLACAS<\/strong><\/p>\n<p><strong>*BENJAM\u00cdN RICO DEJA CONAGUA<\/strong><\/p>\n<p>\u00a0<\/p>\n<p>  <!--more-->  <\/p>\n<p>\u00a0<\/p>\n<p>Dice el G\u00e9nesis que Jos\u00e9 interpret\u00f3 el sue\u00f1o del fara\u00f3n y le dijo que las siete vacas flacas que hab\u00eda so\u00f1ado que sal\u00edan del r\u00edo y se com\u00edan a las siete vacas hermosas que hab\u00edan salido primero, eran el anuncio de que a siete a\u00f1os de abundancia se anunciaban siete a\u00f1os de carencia tan terrible que por la escasez que habr\u00eda nadie volver\u00eda a recordar los tiempos de abundancia y que por lo mismo, lo recomendable era tomar medidas para guardar un quinto de las cosechas buenas para que de esta manera hubiera reservas para los siete a\u00f1os de carencia\u00a0 para que el pueblo no muriera de hambre.<\/p>\n<p>As\u00ed lo hizo el fara\u00f3n nombrando como responsable al mismo Jos\u00e9 y Egipto se salv\u00f3 del hambre, con estas medidas de prevenci\u00f3n que a lo mejor los ciudadanos egipcios no entend\u00edan pero que pasando el tiempo aceptaron como sabias y de buen gobernante.<\/p>\n<p>Desde entonces, a las \u00e9pocas malas y de carencias en cualquiera de los escenarios de la vida del hombre se les califica como \u00e9pocas de vacas flacas, para dar a entender que son d\u00edas de carencias, de momentos dif\u00edciles y de decisiones de prevenciones para enfrentar con energ\u00eda y con liderazgos los momentos de contingencias en que se muestran los que son gu\u00edas de verdad y por lo mismo, dignos de ser las cabezas de las comunidades y de las naciones.<\/p>\n<p>M\u00e9xico vive un momento dif\u00edcil.<\/p>\n<p>De verdadera crisis que se manifestar\u00e1 de manera fuerte en el a\u00f1o 2016.<\/p>\n<p>As\u00ed lo ha manifestado el Presidente Pe\u00f1a Nieto, de manera frontal y clara en la tribuna de la Convenci\u00f3n Nacional Bancaria donde con todas sus letras, dijo incluso que har\u00e1 falta un redise\u00f1o del presupuesto p\u00fablico y del gobierno mismo a efecto de enfrentar la situaci\u00f3n que se avecina, con cambios en las pol\u00edtica p\u00fablicas con decisiones que ya provocan no s\u00f3lo preocupaci\u00f3n sino alarma en toda la sociedad, ante la hora de las vacas flacas que se ve venir.<\/p>\n<p>El anuncio del Jefe de la Naci\u00f3n se va concretando con precisiones de funcionarios del gobierno como las que hizo hace unas horas el Subsecretario de Egresos de\u00a0 Hacienda Fernando Galindo, que habl\u00f3 de ajustes de diversos tipos y se\u00f1al\u00f3 que habr\u00e1 despidos de personal en las dependencias de gobierno, porque los recortes tocar\u00e1n a todas, programas e incluso a las misma administraci\u00f3n p\u00fablica.<\/p>\n<p>Habl\u00f3 de reducir el tama\u00f1o del gobierno y de que tengan las m\u00ednimas plazas que garanticen su operaci\u00f3n con ese personal.<\/p>\n<p>\u00a0<\/p>\n<p>O sea el ahorro en su m\u00e1xima expresi\u00f3n porque no habr\u00e1 dinero, por la ca\u00edda del precio del petr\u00f3leo.<\/p>\n<p>\u00a0<\/p>\n<p><strong>AH\u00cd QUEREMOS VER A LOS QUE SER\u00c1N DIPUTADOS<\/strong><\/p>\n<p>En esa tierra de carencias es donde queremos ver a los que ser\u00e1n diputados federales, y que iniciar\u00e1n campa\u00f1a el 5 de abril, y que ser\u00e1n electos el 7 de junio y que de acuerdo a la l\u00f3gica ganar\u00e1n los del PRI\u00a0 porque salvo alg\u00fan distrito que pudiera estar en riesgo, no se ve por d\u00f3nde la oposici\u00f3n les pueda ganar alguno, aunque pelea si les dar\u00e1n, pero ganarles se ve en chino.<\/p>\n<p>Como ya se sabe, la federaci\u00f3n le asigna a cada estado un presupuesto hist\u00f3rico que casi no cambia y que seguramente no cambiar\u00e1 en el 2016 y las legislaturas asesoradas por sus gobernadores, y por los gabinetes de sus estados presentan a las comisiones del congreso proyectos espec\u00edficos, para ganar dinero extra que se a\u00f1ade al presupuesto de caj\u00f3n para usar un t\u00e9rmino coloquial.<\/p>\n<p>Las legislaturas de Hidalgo se han distinguido por sus logros en este rengl\u00f3n y han dado peleas hist\u00f3ricas, de tal manera que traen para Hidalgo cantidades que provocan la envida de otras entidades, gracias m\u00e1s que nada a proyectos bien hechos y mejor presentados por el mismo gobernador y peleados con categor\u00eda por los diputados de casa.<\/p>\n<p>Incluso por la actual legislatura federal que sin ser muy brillante su lucha, hizo para traer buen billete al estado.<\/p>\n<p>Pero ahora que el 2016 pinta como el a\u00f1o de las vacas flacas es donde queremos ver qu\u00e9 tan brillante es la legislatura federal del estado para ganar dinero extra para el Hidalgo, pues van con toda seguridad a San L\u00e1zaro gentes con colmillo como Carolina Viggiano, Pedro Luis Noble Monterrubio, Fernando Moctezuma, Alfredo Bejos y Jorge M\u00e1rquez principalmente.<\/p>\n<p>De ellos depender\u00e1 y de su coordinaci\u00f3n con\u00a0 quien resulte gobernador o gobernadora, que se gane algo o mucho en esta pelea sin cuartel en San L\u00e1zaro, y ser\u00e1 como su prueba de fuego para demostrar que los hidalguenses no se equivocaron , si como todo lo dice, los llevan al Congreso Federal.<\/p>\n<p><strong>BENJAM\u00cdN RICO DEJ\u00d3 CONAGUA<\/strong><\/p>\n<p>\u00a0<\/p>\n<p>El ingeniero Benjam\u00edn Rico dej\u00f3 de ser Delegado de la Comisi\u00f3n Nacional del Agua. No se sabe hacia d\u00f3nde dirigir\u00e1 sus pasos, porque la verdad lo hac\u00eda muy bien en el encargo que ten\u00eda, con una caracter\u00edstica central, las buenas relaciones con el gobierno del estado, al rev\u00e9s de otros se\u00f1ores delegados que pretendieron hacer de sus delegaciones peque\u00f1os reinos ajenos a la marcha de la entidad. El ingeniero tuvo buen maestro con Jes\u00fas Murillo quien siendo gobernador lo design\u00f3 Secretario de Obras P\u00fablicas en donde estuvo a punto de perder la vida cuando junto con Eugenio \u00cdmaz en una tarde lluviosa dirig\u00eda el tr\u00e1nsito a un costado del estadio Hidalgo y fueron\u00a0 arrollados por un auto que los dej\u00f3 graves en el bulevar. Las secuelas lo llevaron a usar muletas mucho tiempo.\u00a0<\/p>\n","protected":false},"excerpt":{"rendered":"<p>*2016 EL A\u00d1O DE LAS VACAS FLACAS *BENJAM\u00cdN RICO DEJA CONAGUA \u00a0<\/p>\n","protected":false},"author":93,"featured_media":0,"comment_status":"open","ping_status":"open","sticky":false,"template":"","format":"standard","meta":{"footnotes":""},"categories":[42],"tags":[],"class_list":["post-2888","post","type-post","status-publish","format-standard","hentry","category-nuestrapalabra"],"_links":{"self":[{"href":"https:\/\/plazajuarez.mx\/historico\/wp-json\/wp\/v2\/posts\/2888","targetHints":{"allow":["GET"]}}],"collection":[{"href":"https:\/\/plazajuarez.mx\/historico\/wp-json\/wp\/v2\/posts"}],"about":[{"href":"https:\/\/plazajuarez.mx\/historico\/wp-json\/wp\/v2\/types\/post"}],"author":[{"embeddable":true,"href":"https:\/\/plazajuarez.mx\/historico\/wp-json\/wp\/v2\/users\/93"}],"replies":[{"embeddable":true,"href":"https:\/\/plazajuarez.mx\/historico\/wp-json\/wp\/v2\/comments?post=2888"}],"version-history":[{"count":0,"href":"https:\/\/plazajuarez.mx\/historico\/wp-json\/wp\/v2\/posts\/2888\/revisions"}],"wp:attachment":[{"href":"https:\/\/plazajuarez.mx\/historico\/wp-json\/wp\/v2\/media?parent=2888"}],"wp:term":[{"taxonomy":"category","embeddable":true,"href":"https:\/\/plazajuarez.mx\/historico\/wp-json\/wp\/v2\/categories?post=2888"},{"taxonomy":"post_tag","embeddable":true,"href":"https:\/\/plazajuarez.mx\/historico\/wp-json\/wp\/v2\/tags?post=2888"}],"curies":[{"name":"wp","href":"https:\/\/api.w.org\/{rel}","templated":true}]}}