{"id":288720,"date":"2023-11-12T03:46:02","date_gmt":"2023-11-12T09:46:02","guid":{"rendered":"https:\/\/plazajuarez.mx\/?p=288720"},"modified":"2023-11-12T03:46:05","modified_gmt":"2023-11-12T09:46:05","slug":"mineral-del-chico-sera-sede-del-festival-internacional-de-cine-del-cch-de-la-unam","status":"publish","type":"post","link":"https:\/\/plazajuarez.mx\/historico\/mineral-del-chico-sera-sede-del-festival-internacional-de-cine-del-cch-de-la-unam\/","title":{"rendered":"Mineral del Chico ser\u00e1 sede del Festival Internacional de Cine\u00a0del CCH de la UNAM"},"content":{"rendered":"\n<p>El Festival Internacional de Cine del Colegio de Ciencias y Humanidades (CCH) de la Universidad Nacional Aut\u00f3noma de M\u00e9xico (UNAM) Cecehachero Film Fest vuelve al Pueblo M\u00e1gico de Mineral del Chico por segunda ocasi\u00f3n.<\/p>\n\n\n\n<p>Esta vez, el Cecehachero en la Monta\u00f1a trae consigo la primera Muestra Nacional de Cortometrajes Medioambientales, que se proyectar\u00e1 el 23 noviembre en las comunidades de Benito Ju\u00e1rez y Carboneras, el 24 en Cueva Blanca y Cebadas, y, finalmente, el d\u00eda 25 en Mineral del Chico.&nbsp;<\/p>\n\n\n\n<p>Gracias a las voluntades de distintas personas y el apoyo de organismos como Manos para Transformar, la Junta de Pobladores de Benito Ju\u00e1rez, el Ayuntamiento de Mineral del Chico, Rancho Alta Gracia, el Consejo de Colaboraci\u00f3n Ciudadana de Mineral del Chico, el restaurante la Casa del T\u00e9 y el sitio web elchico.mx.&nbsp;&nbsp;<\/p>\n\n\n\n<p>El Cecehachero Film Fest contin\u00faa con el objetivo de fomentar la cultura, el gusto y el quehacer cinematogr\u00e1fico, tambi\u00e9n a trav\u00e9s de charlas\/talleres, as\u00ed lo manifest\u00f3 Alan Montalvo Pantoja, coordinador general del evento.<\/p>\n\n\n\n<p>Las charlas\/taller que se impartir\u00e1n comprenden temas como apreciaci\u00f3n cinematogr\u00e1fica, a fin de que los participantes puedan comprender de una manera m\u00e1s completa productos audiovisuales.<\/p>\n\n\n\n<p>Asimismo, se abordar\u00e1 la producci\u00f3n con equipos m\u00f3viles y la cartograf\u00eda participativa, con el objetivo de que los asistentes entiendan su entorno y capturen la realidad a trav\u00e9s de nuevas perspectivas, lo que a su vez permitir\u00e1 que&nbsp; compartan problem\u00e1ticas sociales y se busquen soluciones conjuntas.<\/p>\n\n\n\n<p>Para mayor informaci\u00f3n se puede consultar la p\u00e1gina web www.cchfilmfest.com y las redes sociales oficiales del festival.&nbsp;<\/p>\n","protected":false},"excerpt":{"rendered":"<p>El Festival Internacional de Cine del Colegio de Ciencias y Humanidades (CCH) de la Universidad Nacional Aut\u00f3noma de M\u00e9xico (UNAM) Cecehachero Film Fest vuelve al Pueblo M\u00e1gico de Mineral del Chico por segunda ocasi\u00f3n. Esta vez, el Cecehachero en la Monta\u00f1a trae consigo la primera Muestra Nacional de Cortometrajes Medioambientales, que se proyectar\u00e1 el 23 [&hellip;]<\/p>\n","protected":false},"author":93,"featured_media":288721,"comment_status":"closed","ping_status":"closed","sticky":false,"template":"","format":"standard","meta":{"footnotes":""},"categories":[15,59],"tags":[],"class_list":["post-288720","post","type-post","status-publish","format-standard","has-post-thumbnail","hentry","category-destacadas","category-general"],"_links":{"self":[{"href":"https:\/\/plazajuarez.mx\/historico\/wp-json\/wp\/v2\/posts\/288720","targetHints":{"allow":["GET"]}}],"collection":[{"href":"https:\/\/plazajuarez.mx\/historico\/wp-json\/wp\/v2\/posts"}],"about":[{"href":"https:\/\/plazajuarez.mx\/historico\/wp-json\/wp\/v2\/types\/post"}],"author":[{"embeddable":true,"href":"https:\/\/plazajuarez.mx\/historico\/wp-json\/wp\/v2\/users\/93"}],"replies":[{"embeddable":true,"href":"https:\/\/plazajuarez.mx\/historico\/wp-json\/wp\/v2\/comments?post=288720"}],"version-history":[{"count":0,"href":"https:\/\/plazajuarez.mx\/historico\/wp-json\/wp\/v2\/posts\/288720\/revisions"}],"wp:featuredmedia":[{"embeddable":true,"href":"https:\/\/plazajuarez.mx\/historico\/wp-json\/wp\/v2\/media\/288721"}],"wp:attachment":[{"href":"https:\/\/plazajuarez.mx\/historico\/wp-json\/wp\/v2\/media?parent=288720"}],"wp:term":[{"taxonomy":"category","embeddable":true,"href":"https:\/\/plazajuarez.mx\/historico\/wp-json\/wp\/v2\/categories?post=288720"},{"taxonomy":"post_tag","embeddable":true,"href":"https:\/\/plazajuarez.mx\/historico\/wp-json\/wp\/v2\/tags?post=288720"}],"curies":[{"name":"wp","href":"https:\/\/api.w.org\/{rel}","templated":true}]}}